{"id":11352,"date":"2020-03-06T15:42:16","date_gmt":"2020-03-06T15:42:16","guid":{"rendered":"https:\/\/schspin.stieve.com\/?p=11352"},"modified":"2020-03-06T15:46:52","modified_gmt":"2020-03-06T15:46:52","slug":"kommentar-das-klischee-lebt","status":"publish","type":"post","link":"https:\/\/schspin.stieve.com\/gb\/2020\/03\/06\/kommentar-das-klischee-lebt\/","title":{"rendered":"A Commentary on German Public Radio"},"content":{"rendered":"<p align=\"justify\"><span style=\"color: #4d4d4d;\">On Feb. 1 I was listening to a literature show (LESART) on a German public radio station (Deutschlandfunk Kultur) when I noticed that the report on political books was only about men. I checked the website and for sure it was monogender: <strong><span style=\"color: #00ccff;\">0 women<\/span><\/strong> <span style=\"color: #ff00ff;\">7 men<\/span>, 4 male authors, 3 male reviewers. I tweeted my dissatisfaction:<\/span><\/p>\n<p align=\"justify\"><a href=\"https:\/\/schspin.stieve.com\/wp-content\/uploads\/2020\/03\/SchspIN_DLF_das-pol-Buch.png\"><img loading=\"lazy\" decoding=\"async\" class=\"aligncenter wp-image-11353\" src=\"https:\/\/schspin.stieve.com\/wp-content\/uploads\/2020\/03\/SchspIN_DLF_das-pol-Buch-300x291.png\" alt=\"\" width=\"450\" height=\"436\" srcset=\"https:\/\/schspin.stieve.com\/wp-content\/uploads\/2020\/03\/SchspIN_DLF_das-pol-Buch-300x291.png 300w, https:\/\/schspin.stieve.com\/wp-content\/uploads\/2020\/03\/SchspIN_DLF_das-pol-Buch-600x582.png 600w, https:\/\/schspin.stieve.com\/wp-content\/uploads\/2020\/03\/SchspIN_DLF_das-pol-Buch.png 623w\" sizes=\"auto, (max-width: 450px) 100vw, 450px\" \/><\/a><\/p>\n<p align=\"justify\"><span style=\"color: #4d4d4d;\">A few weeks later Tarik Ahmia of the Deutschlandfunk editorial office \u201ebackground culture and politics) contacted me and asked me to write a commentary for the programme slot Politisches Feuilleton \/ Political feature pages. He told me that I had been recommended by colleagues of the LESART because of my tweet (which they had answered to before: &#8220;<em>We strive to offer a varied and balanced programme, also in regard to the gender of authors and reviewers. To our regret, however, this cannot always be implemented in day-to-day business. But we are doing our best<\/em>!&#8221;<\/span><!--more--><\/p>\n<p align=\"justify\"><span style=\"color: #4d4d4d;\">With kind permission of DLF here\u2018s my commentary, which can also be heard as a <a href=\"https:\/\/www.deutschlandfunkkultur.de\/frauenrollen-in-film-und-fernsehen-das-klischee-lebt.1005.de.html?dram:article_id=471162\" target=\"_blank\" rel=\"noopener noreferrer\">podcast on the DLF website in German<\/a>: <\/span><\/p>\n<h2 class=\"western\" style=\"padding-left: 40px;\"><span style=\"color: #4d4d4d;\">Female Characters in Film and Television &#8211; the Stereotypes live on<\/span><\/h2>\n<p style=\"padding-left: 40px;\" align=\"justify\"><span style=\"color: #4d4d4d;\">&#8220;<em>Is she going to be murdered or does it turn out she&#8217;s a prostitute?<\/em>&#8221; &#8211; Apart from a few lighthouse projects for the advancement of women, women&#8217;s reality in film and television looks bleak, criticises Belinde Ruth Stieve: Women onscreen are best young, pretty and silent \u2013 or even dead?<\/span><\/p>\n<p style=\"padding-left: 40px;\" align=\"justify\"><span style=\"color: #4d4d4d;\">Film and television could do more, but when will they start? There is this joke where a little boy asks his father: &#8220;Can men also become female chancellors?&#8221; (the joke is funnier in German where we\u2018ve had a female head of government \u2013 Bundeskanzlerin Angela Merkel &#8211; for nearly 20 years now).<\/span><\/p>\n<p style=\"padding-left: 40px;\" align=\"justify\"><span style=\"color: #4d4d4d;\">What we experience, what we see and what we don&#8217;t see, shapes us, our thinking, our view of the world: when paraplegics predominantly want to die on television, when black Germans only appear as taxi drivers, Arab-German men as drug dealers or murderers, Turkish-German young women wearing headscarves and oppressed by the men in their family, Polish women as prostitutes &#8211; and women in general are only shown young and pretty and ideally silent or dead, then of course members of these groups know that this is not true or only show a small part of their diversity. But many others accept this as a reality that does not exist.<\/span><\/p>\n<p style=\"padding-left: 40px;\" align=\"justify\"><span style=\"color: #4d4d4d;\">For example, as far as women are concerned: we make up half of our society in all age groups, but film and television easily show twice as many men in fictional programmes. Women usually embody smaller subordinate roles and are predominantly restricted to the age segment under 40. Men talk, women listen, men act, women look good. This has been the case for years, for decades, and empirically proven, a change is long overdue. <\/span><\/p>\n<h2 style=\"padding-left: 40px;\" align=\"justify\"><span style=\"color: #4d4d4d;\">More Female Directors, Less Female Scriptwriters <\/span><\/h2>\n<p style=\"padding-left: 40px;\" align=\"justify\"><span style=\"color: #4d4d4d;\"> The situation is just as bleak off-screen. Even though a little bit of gender politics seems to be quite popular at the moment. Let&#8217;s take the TATORT \/ Crime SCENE (Germany\u2018s Top cop drama):<br \/>\nRecently a 20 percent target for female directors at TATORTs was announced. And this figure has almost been reached, with 19 percent in the last two years. That&#8217;s not really that wonderful considering the 44 percent of female graduates from film schools, but it&#8217;s a first mini-step. However there are possibly some side effects, since at the same time, fewer and fewer female screenwriters were allowed to write the &#8220;crime scenes&#8221;. To give you the statisctics: in the last three years the proportion of men responsible for the screenplays were 94, 88 and 87 percent. So half the talent, half the creativity is being given up, considering that the percentage of women in screenplay course at film schools is almost 50 percent.<br \/>\nWhen people talk of &#8220;films by women&#8221;, they usually refer to directing only, and with the cast the focus is only on the leading roles. That&#8217;s why we now have a number of &#8211; predominantly young &#8211; new &#8220;Tatort&#8221; coppers. And that\u2018s we get cinema blockbusters with a young protagonist where the rest of the cast remains male-dominated, the stories male-centered and the visual language as well. But doesn\u2018t the audience, don&#8217;t we all deserve something new, something better?\u00a0 <\/span><\/p>\n<h2 style=\"text-align: justify; padding-left: 40px;\"><span style=\"color: #4d4d4d;\">The Audience Deserves Something Better<\/span><\/h2>\n<p style=\"text-align: justify; padding-left: 40px;\"><span style=\"color: #4d4d4d;\">Film and television do not have to reflect reality, they can create new worlds that are better, more developed, different. And, of course, societies that are worse than ours. But they can also show our world in all its diversity, and overcome eternal stereotypes and clich\u00e9s. The image of women in the 1950s has become obsolete in contemporary films. As has the alternative &#8220;Is she murdered or is she a prostitute?&#8221; Women can do more. Women actually do more. And the audience &#8211; regardless of gender &#8211; is accustomed to encountering all kinds of women in all areas of real life. Even as head of state. So please: &#8220;Action!&#8221;<\/span><\/p>\n<div id=\"attachment_11358\" style=\"width: 497px\" class=\"wp-caption aligncenter\"><a href=\"https:\/\/schspin.stieve.com\/wp-content\/uploads\/2020\/03\/Haus-des-Rundfunks.png\"><img loading=\"lazy\" decoding=\"async\" aria-describedby=\"caption-attachment-11358\" class=\"wp-image-11358 size-large\" src=\"https:\/\/schspin.stieve.com\/wp-content\/uploads\/2020\/03\/Haus-des-Rundfunks-487x600.png\" alt=\"\" width=\"487\" height=\"600\" srcset=\"https:\/\/schspin.stieve.com\/wp-content\/uploads\/2020\/03\/Haus-des-Rundfunks-487x600.png 487w, https:\/\/schspin.stieve.com\/wp-content\/uploads\/2020\/03\/Haus-des-Rundfunks-244x300.png 244w, https:\/\/schspin.stieve.com\/wp-content\/uploads\/2020\/03\/Haus-des-Rundfunks.png 600w\" sizes=\"auto, (max-width: 487px) 100vw, 487px\" \/><\/a><p id=\"caption-attachment-11358\" class=\"wp-caption-text\"><span style=\"color: #4d4d4d;\">Haus des Rundfunks, Berlin Hans-Rosenthal-Platz.<\/span><\/p><\/div>\n<p align=\"justify\"><span style=\"color: #4d4d4d;\">\u00a0<\/span><\/p>\n","protected":false},"excerpt":{"rendered":"<p>Am 1. Februar h\u00f6rte ich im Radio mit halbem Ohr die Literatursendung LESART auf Deutschlandfunk Kultur. Mein Eindruck, dass es sich um eine ziemliche M\u00e4nnersendung handelte, wurde durch einen Blick in das Programm best\u00e4tigt, und ich twitterte mein Unverst\u00e4ndnis \u00fcber &hellip; <a href=\"https:\/\/schspin.stieve.com\/gb\/2020\/03\/06\/kommentar-das-klischee-lebt\/\">Continue reading <span class=\"meta-nav\">&rarr;<\/span><\/a><\/p>\n","protected":false},"author":1,"featured_media":0,"comment_status":"open","ping_status":"open","sticky":false,"template":"","format":"standard","meta":{"footnotes":""},"categories":[4,8,10],"tags":[162,258,400,587,603],"class_list":["post-11352","post","type-post","status-publish","format-standard","hentry","category-besetzung-cast","category-stab-crew","category-vermischtes-miscellaneous","tag-deutschlandradio-kultur","tag-frauenrollen","tag-klischees","tag-stereotype","tag-tatort"],"translation":{"provider":"WPGlobus","version":"3.0.2","language":"gb","enabled_languages":["de","gb"],"languages":{"de":{"title":true,"content":true,"excerpt":false},"gb":{"title":true,"content":true,"excerpt":false}}},"yoast_head":"<!-- This site is optimized with the Yoast SEO plugin v27.5 - https:\/\/yoast.com\/product\/yoast-seo-wordpress\/ -->\n<title>A Commentary on German Public Radio &#8211; SchspIN<\/title>\n<meta name=\"robots\" content=\"index, follow, max-snippet:-1, max-image-preview:large, max-video-preview:-1\" \/>\n<link rel=\"canonical\" href=\"https:\/\/schspin.stieve.com\/2020\/03\/06\/kommentar-das-klischee-lebt\/\" \/>\n<meta property=\"og:locale\" content=\"en_GB\" \/>\n<meta property=\"og:type\" content=\"article\" \/>\n<meta property=\"og:title\" content=\"A Commentary on German Public Radio &#8211; SchspIN\" \/>\n<meta property=\"og:url\" content=\"https:\/\/schspin.stieve.com\/2020\/03\/06\/kommentar-das-klischee-lebt\/\" \/>\n<meta property=\"og:site_name\" content=\"SchspIN\" \/>\n<meta property=\"article:published_time\" content=\"2020-03-06T15:42:16+00:00\" \/>\n<meta property=\"article:modified_time\" content=\"2020-03-06T15:46:52+00:00\" \/>\n<meta property=\"og:image\" content=\"https:\/\/schspin.stieve.com\/wp-content\/uploads\/2020\/03\/SchspIN_DLF_das-pol-Buch-600x582.png\" \/>\n<meta name=\"author\" content=\"SchspIN\" \/>\n<meta name=\"twitter:card\" content=\"summary_large_image\" \/>\n<meta name=\"twitter:creator\" content=\"@schspin\" \/>\n<meta name=\"twitter:site\" content=\"@schspin\" \/>\n<meta name=\"twitter:label1\" content=\"Written by\" \/>\n\t<meta name=\"twitter:data1\" content=\"SchspIN\" \/>\n\t<meta name=\"twitter:label2\" content=\"Est. reading time\" \/>\n\t<meta name=\"twitter:data2\" content=\"8 minutes\" \/>\n<script type=\"application\/ld+json\" class=\"yoast-schema-graph\">{\"@context\":\"https:\\\/\\\/schema.org\",\"@graph\":[{\"@type\":\"Article\",\"@id\":\"https:\\\/\\\/schspin.stieve.com\\\/2020\\\/03\\\/06\\\/kommentar-das-klischee-lebt\\\/#article\",\"isPartOf\":{\"@id\":\"https:\\\/\\\/schspin.stieve.com\\\/2020\\\/03\\\/06\\\/kommentar-das-klischee-lebt\\\/\"},\"author\":{\"name\":\"SchspIN\",\"@id\":\"https:\\\/\\\/schspin.stieve.com\\\/#\\\/schema\\\/person\\\/5a6d1b68b2ffa40e8a4c1d87723659e2\"},\"headline\":\"A Commentary on German Public Radio\",\"datePublished\":\"2020-03-06T15:42:16+00:00\",\"dateModified\":\"2020-03-06T15:46:52+00:00\",\"mainEntityOfPage\":{\"@id\":\"https:\\\/\\\/schspin.stieve.com\\\/2020\\\/03\\\/06\\\/kommentar-das-klischee-lebt\\\/\"},\"wordCount\":1622,\"commentCount\":1,\"publisher\":{\"@id\":\"https:\\\/\\\/schspin.stieve.com\\\/#\\\/schema\\\/person\\\/5a6d1b68b2ffa40e8a4c1d87723659e2\"},\"image\":{\"@id\":\"https:\\\/\\\/schspin.stieve.com\\\/2020\\\/03\\\/06\\\/kommentar-das-klischee-lebt\\\/#primaryimage\"},\"thumbnailUrl\":\"https:\\\/\\\/schspin.stieve.com\\\/wp-content\\\/uploads\\\/2020\\\/03\\\/SchspIN_DLF_das-pol-Buch-600x582.png\",\"keywords\":[\"Deutschlandradio Kultur\",\"Frauenrollen\",\"Klischees\",\"Stereotype\",\"Tatort\"],\"articleSection\":[\"Besetzung \\\/ Cast\",\"Stab \\\/ Crew\",\"Vermischtes \\\/ Miscellaneous\"],\"inLanguage\":\"en-GB\",\"potentialAction\":[{\"@type\":\"CommentAction\",\"name\":\"Comment\",\"target\":[\"https:\\\/\\\/schspin.stieve.com\\\/2020\\\/03\\\/06\\\/kommentar-das-klischee-lebt\\\/#respond\"]}]},{\"@type\":\"WebPage\",\"@id\":\"https:\\\/\\\/schspin.stieve.com\\\/2020\\\/03\\\/06\\\/kommentar-das-klischee-lebt\\\/\",\"url\":\"https:\\\/\\\/schspin.stieve.com\\\/2020\\\/03\\\/06\\\/kommentar-das-klischee-lebt\\\/\",\"name\":\"A Commentary on German Public Radio &#8211; SchspIN\",\"isPartOf\":{\"@id\":\"https:\\\/\\\/schspin.stieve.com\\\/#website\"},\"primaryImageOfPage\":{\"@id\":\"https:\\\/\\\/schspin.stieve.com\\\/2020\\\/03\\\/06\\\/kommentar-das-klischee-lebt\\\/#primaryimage\"},\"image\":{\"@id\":\"https:\\\/\\\/schspin.stieve.com\\\/2020\\\/03\\\/06\\\/kommentar-das-klischee-lebt\\\/#primaryimage\"},\"thumbnailUrl\":\"https:\\\/\\\/schspin.stieve.com\\\/wp-content\\\/uploads\\\/2020\\\/03\\\/SchspIN_DLF_das-pol-Buch-600x582.png\",\"datePublished\":\"2020-03-06T15:42:16+00:00\",\"dateModified\":\"2020-03-06T15:46:52+00:00\",\"breadcrumb\":{\"@id\":\"https:\\\/\\\/schspin.stieve.com\\\/2020\\\/03\\\/06\\\/kommentar-das-klischee-lebt\\\/#breadcrumb\"},\"inLanguage\":\"en-GB\",\"potentialAction\":[{\"@type\":\"ReadAction\",\"target\":[\"https:\\\/\\\/schspin.stieve.com\\\/2020\\\/03\\\/06\\\/kommentar-das-klischee-lebt\\\/\"]}]},{\"@type\":\"ImageObject\",\"inLanguage\":\"en-GB\",\"@id\":\"https:\\\/\\\/schspin.stieve.com\\\/2020\\\/03\\\/06\\\/kommentar-das-klischee-lebt\\\/#primaryimage\",\"url\":\"https:\\\/\\\/schspin.stieve.com\\\/wp-content\\\/uploads\\\/2020\\\/03\\\/SchspIN_DLF_das-pol-Buch-600x582.png\",\"contentUrl\":\"https:\\\/\\\/schspin.stieve.com\\\/wp-content\\\/uploads\\\/2020\\\/03\\\/SchspIN_DLF_das-pol-Buch-600x582.png\"},{\"@type\":\"BreadcrumbList\",\"@id\":\"https:\\\/\\\/schspin.stieve.com\\\/2020\\\/03\\\/06\\\/kommentar-das-klischee-lebt\\\/#breadcrumb\",\"itemListElement\":[{\"@type\":\"ListItem\",\"position\":1,\"name\":\"Startseite\",\"item\":\"https:\\\/\\\/schspin.stieve.com\\\/\"},{\"@type\":\"ListItem\",\"position\":2,\"name\":\"Kommentar im Politischen Feuilleton von Deutschlandfunk Kultur\"}]},{\"@type\":\"WebSite\",\"@id\":\"https:\\\/\\\/schspin.stieve.com\\\/#website\",\"url\":\"https:\\\/\\\/schspin.stieve.com\\\/\",\"name\":\"{:de}SchspIN {:}{:gb}SchspIN{:}\",\"description\":\"An Actress&#039;s Thoughts\",\"publisher\":{\"@id\":\"https:\\\/\\\/schspin.stieve.com\\\/#\\\/schema\\\/person\\\/5a6d1b68b2ffa40e8a4c1d87723659e2\"},\"potentialAction\":[{\"@type\":\"SearchAction\",\"target\":{\"@type\":\"EntryPoint\",\"urlTemplate\":\"https:\\\/\\\/schspin.stieve.com\\\/?s={search_term_string}\"},\"query-input\":{\"@type\":\"PropertyValueSpecification\",\"valueRequired\":true,\"valueName\":\"search_term_string\"}}],\"inLanguage\":\"en-GB\"},{\"@type\":[\"Person\",\"Organization\"],\"@id\":\"https:\\\/\\\/schspin.stieve.com\\\/#\\\/schema\\\/person\\\/5a6d1b68b2ffa40e8a4c1d87723659e2\",\"name\":\"SchspIN\",\"image\":{\"@type\":\"ImageObject\",\"inLanguage\":\"en-GB\",\"@id\":\"https:\\\/\\\/schspin.stieve.com\\\/wp-content\\\/uploads\\\/2024\\\/01\\\/Logo_Schspin.jpg\",\"url\":\"https:\\\/\\\/schspin.stieve.com\\\/wp-content\\\/uploads\\\/2024\\\/01\\\/Logo_Schspin.jpg\",\"contentUrl\":\"https:\\\/\\\/schspin.stieve.com\\\/wp-content\\\/uploads\\\/2024\\\/01\\\/Logo_Schspin.jpg\",\"width\":945,\"height\":945,\"caption\":\"SchspIN\"},\"logo\":{\"@id\":\"https:\\\/\\\/schspin.stieve.com\\\/wp-content\\\/uploads\\\/2024\\\/01\\\/Logo_Schspin.jpg\"},\"sameAs\":[\"https:\\\/\\\/neropa.stieve.com\\\/\",\"https:\\\/\\\/www.instagram.com\\\/schspin\\\/\",\"https:\\\/\\\/x.com\\\/schspin\"]}]}<\/script>\n<!-- \/ Yoast SEO plugin. -->","yoast_head_json":{"title":"A Commentary on German Public Radio &#8211; SchspIN","robots":{"index":"index","follow":"follow","max-snippet":"max-snippet:-1","max-image-preview":"max-image-preview:large","max-video-preview":"max-video-preview:-1"},"canonical":"https:\/\/schspin.stieve.com\/2020\/03\/06\/kommentar-das-klischee-lebt\/","og_locale":"en_GB","og_type":"article","og_title":"A Commentary on German Public Radio &#8211; SchspIN","og_url":"https:\/\/schspin.stieve.com\/2020\/03\/06\/kommentar-das-klischee-lebt\/","og_site_name":"SchspIN","article_published_time":"2020-03-06T15:42:16+00:00","article_modified_time":"2020-03-06T15:46:52+00:00","og_image":[{"url":"https:\/\/schspin.stieve.com\/wp-content\/uploads\/2020\/03\/SchspIN_DLF_das-pol-Buch-600x582.png","type":"","width":"","height":""}],"author":"SchspIN","twitter_card":"summary_large_image","twitter_creator":"@schspin","twitter_site":"@schspin","twitter_misc":{"Written by":"SchspIN","Est. reading time":"8 minutes"},"schema":{"@context":"https:\/\/schema.org","@graph":[{"@type":"Article","@id":"https:\/\/schspin.stieve.com\/2020\/03\/06\/kommentar-das-klischee-lebt\/#article","isPartOf":{"@id":"https:\/\/schspin.stieve.com\/2020\/03\/06\/kommentar-das-klischee-lebt\/"},"author":{"name":"SchspIN","@id":"https:\/\/schspin.stieve.com\/#\/schema\/person\/5a6d1b68b2ffa40e8a4c1d87723659e2"},"headline":"A Commentary on German Public Radio","datePublished":"2020-03-06T15:42:16+00:00","dateModified":"2020-03-06T15:46:52+00:00","mainEntityOfPage":{"@id":"https:\/\/schspin.stieve.com\/2020\/03\/06\/kommentar-das-klischee-lebt\/"},"wordCount":1622,"commentCount":1,"publisher":{"@id":"https:\/\/schspin.stieve.com\/#\/schema\/person\/5a6d1b68b2ffa40e8a4c1d87723659e2"},"image":{"@id":"https:\/\/schspin.stieve.com\/2020\/03\/06\/kommentar-das-klischee-lebt\/#primaryimage"},"thumbnailUrl":"https:\/\/schspin.stieve.com\/wp-content\/uploads\/2020\/03\/SchspIN_DLF_das-pol-Buch-600x582.png","keywords":["Deutschlandradio Kultur","Frauenrollen","Klischees","Stereotype","Tatort"],"articleSection":["Besetzung \/ Cast","Stab \/ Crew","Vermischtes \/ Miscellaneous"],"inLanguage":"en-GB","potentialAction":[{"@type":"CommentAction","name":"Comment","target":["https:\/\/schspin.stieve.com\/2020\/03\/06\/kommentar-das-klischee-lebt\/#respond"]}]},{"@type":"WebPage","@id":"https:\/\/schspin.stieve.com\/2020\/03\/06\/kommentar-das-klischee-lebt\/","url":"https:\/\/schspin.stieve.com\/2020\/03\/06\/kommentar-das-klischee-lebt\/","name":"A Commentary on German Public Radio &#8211; SchspIN","isPartOf":{"@id":"https:\/\/schspin.stieve.com\/#website"},"primaryImageOfPage":{"@id":"https:\/\/schspin.stieve.com\/2020\/03\/06\/kommentar-das-klischee-lebt\/#primaryimage"},"image":{"@id":"https:\/\/schspin.stieve.com\/2020\/03\/06\/kommentar-das-klischee-lebt\/#primaryimage"},"thumbnailUrl":"https:\/\/schspin.stieve.com\/wp-content\/uploads\/2020\/03\/SchspIN_DLF_das-pol-Buch-600x582.png","datePublished":"2020-03-06T15:42:16+00:00","dateModified":"2020-03-06T15:46:52+00:00","breadcrumb":{"@id":"https:\/\/schspin.stieve.com\/2020\/03\/06\/kommentar-das-klischee-lebt\/#breadcrumb"},"inLanguage":"en-GB","potentialAction":[{"@type":"ReadAction","target":["https:\/\/schspin.stieve.com\/2020\/03\/06\/kommentar-das-klischee-lebt\/"]}]},{"@type":"ImageObject","inLanguage":"en-GB","@id":"https:\/\/schspin.stieve.com\/2020\/03\/06\/kommentar-das-klischee-lebt\/#primaryimage","url":"https:\/\/schspin.stieve.com\/wp-content\/uploads\/2020\/03\/SchspIN_DLF_das-pol-Buch-600x582.png","contentUrl":"https:\/\/schspin.stieve.com\/wp-content\/uploads\/2020\/03\/SchspIN_DLF_das-pol-Buch-600x582.png"},{"@type":"BreadcrumbList","@id":"https:\/\/schspin.stieve.com\/2020\/03\/06\/kommentar-das-klischee-lebt\/#breadcrumb","itemListElement":[{"@type":"ListItem","position":1,"name":"Startseite","item":"https:\/\/schspin.stieve.com\/"},{"@type":"ListItem","position":2,"name":"Kommentar im Politischen Feuilleton von Deutschlandfunk Kultur"}]},{"@type":"WebSite","@id":"https:\/\/schspin.stieve.com\/#website","url":"https:\/\/schspin.stieve.com\/","name":"{:de}SchspIN {:}{:gb}SchspIN{:}","description":"An Actress&#039;s Thoughts","publisher":{"@id":"https:\/\/schspin.stieve.com\/#\/schema\/person\/5a6d1b68b2ffa40e8a4c1d87723659e2"},"potentialAction":[{"@type":"SearchAction","target":{"@type":"EntryPoint","urlTemplate":"https:\/\/schspin.stieve.com\/?s={search_term_string}"},"query-input":{"@type":"PropertyValueSpecification","valueRequired":true,"valueName":"search_term_string"}}],"inLanguage":"en-GB"},{"@type":["Person","Organization"],"@id":"https:\/\/schspin.stieve.com\/#\/schema\/person\/5a6d1b68b2ffa40e8a4c1d87723659e2","name":"SchspIN","image":{"@type":"ImageObject","inLanguage":"en-GB","@id":"https:\/\/schspin.stieve.com\/wp-content\/uploads\/2024\/01\/Logo_Schspin.jpg","url":"https:\/\/schspin.stieve.com\/wp-content\/uploads\/2024\/01\/Logo_Schspin.jpg","contentUrl":"https:\/\/schspin.stieve.com\/wp-content\/uploads\/2024\/01\/Logo_Schspin.jpg","width":945,"height":945,"caption":"SchspIN"},"logo":{"@id":"https:\/\/schspin.stieve.com\/wp-content\/uploads\/2024\/01\/Logo_Schspin.jpg"},"sameAs":["https:\/\/neropa.stieve.com\/","https:\/\/www.instagram.com\/schspin\/","https:\/\/x.com\/schspin"]}]}},"post_mailing_queue_ids":[],"_links":{"self":[{"href":"https:\/\/schspin.stieve.com\/gb\/wp-json\/wp\/v2\/posts\/11352","targetHints":{"allow":["GET"]}}],"collection":[{"href":"https:\/\/schspin.stieve.com\/gb\/wp-json\/wp\/v2\/posts"}],"about":[{"href":"https:\/\/schspin.stieve.com\/gb\/wp-json\/wp\/v2\/types\/post"}],"author":[{"embeddable":true,"href":"https:\/\/schspin.stieve.com\/gb\/wp-json\/wp\/v2\/users\/1"}],"replies":[{"embeddable":true,"href":"https:\/\/schspin.stieve.com\/gb\/wp-json\/wp\/v2\/comments?post=11352"}],"version-history":[{"count":16,"href":"https:\/\/schspin.stieve.com\/gb\/wp-json\/wp\/v2\/posts\/11352\/revisions"}],"predecessor-version":[{"id":11370,"href":"https:\/\/schspin.stieve.com\/gb\/wp-json\/wp\/v2\/posts\/11352\/revisions\/11370"}],"wp:attachment":[{"href":"https:\/\/schspin.stieve.com\/gb\/wp-json\/wp\/v2\/media?parent=11352"}],"wp:term":[{"taxonomy":"category","embeddable":true,"href":"https:\/\/schspin.stieve.com\/gb\/wp-json\/wp\/v2\/categories?post=11352"},{"taxonomy":"post_tag","embeddable":true,"href":"https:\/\/schspin.stieve.com\/gb\/wp-json\/wp\/v2\/tags?post=11352"}],"curies":[{"name":"wp","href":"https:\/\/api.w.org\/{rel}","templated":true}]}}