{"id":16239,"date":"2026-04-27T19:14:06","date_gmt":"2026-04-27T19:14:06","guid":{"rendered":"https:\/\/schspin.stieve.com\/?p=16239"},"modified":"2026-04-27T22:28:15","modified_gmt":"2026-04-27T22:28:15","slug":"tatorte-2025-jahresbilanz-filmfrauen","status":"publish","type":"post","link":"https:\/\/schspin.stieve.com\/gb\/2026\/04\/27\/tatorte-2025-jahresbilanz-filmfrauen\/","title":{"rendered":"\u201eIch hatte noch keinen Mordfall, der mich nicht bis nach Hause verfolgt hat.\u201c"},"content":{"rendered":"<h1 style=\"text-align: justify;\"><span style=\"color: #336699;\">Jahresbilanz der TATORTE 2025 und eine Empfehlung<\/span><\/h1>\n<p align=\"justify\"><span style=\"color: #336699;\">Heute die <strong>Jahresendstatistiken <\/strong>f\u00fcr die 36 erstausgestrahlten TATORTE vom letzten Jahr, etwas versp\u00e4tet, pardon.<\/span><\/p>\n<p style=\"text-align: justify;\"><span style=\"color: #336699;\">Ich hatte zur TATORT-Sommerpause 2025 vermutet (<a href=\"https:\/\/schspin.stieve.com\/2025\/06\/04\/tatorte-sommer-2025\/\">TATORTE Sommer 2025 \u2013 Erstes Zwischenziel erreicht<\/a>), dass sich die hohen Frauenanteile in den sechs Kerngewerken nicht bis zum Jahresende halten w\u00fcrden; &#8211; und tats\u00e4chlich ist das so eingetreten, wie schon in den Jahren zuvor:<\/span><\/p>\n<p><img loading=\"lazy\" decoding=\"async\" class=\"alignnone size-large wp-image-16353\" src=\"https:\/\/schspin.stieve.com\/wp-content\/uploads\/2026\/04\/SchspIN_Tatort-25_Vergleich_So-En-600x337.png\" alt=\"\" width=\"600\" height=\"337\" srcset=\"https:\/\/schspin.stieve.com\/wp-content\/uploads\/2026\/04\/SchspIN_Tatort-25_Vergleich_So-En-600x337.png 600w, https:\/\/schspin.stieve.com\/wp-content\/uploads\/2026\/04\/SchspIN_Tatort-25_Vergleich_So-En-300x169.png 300w, https:\/\/schspin.stieve.com\/wp-content\/uploads\/2026\/04\/SchspIN_Tatort-25_Vergleich_So-En-768x432.png 768w, https:\/\/schspin.stieve.com\/wp-content\/uploads\/2026\/04\/SchspIN_Tatort-25_Vergleich_So-En.png 900w\" sizes=\"auto, (max-width: 600px) 100vw, 600px\" \/><\/p>\n<p align=\"justify\"><span style=\"color: #336699;\">Warum das so ist kann ich nicht sagen, dazu m\u00fcsste ich beispielsweise wissen, <strong>wie<\/strong> dar\u00fcber entschieden wird, wann welcher Tatort ausgestrahlt wird, oder zumindest <strong>wer<\/strong> das entscheidet, um nachfragen zu k\u00f6nnen. Stattdessen hier und heute:<\/span><\/p>\n<ul>\n<li style=\"text-align: justify;\"><span style=\"color: #336699;\">36 TATORTE kurz und bunt: 6-Gewerke-Check und #2von6<\/span><\/li>\n<li style=\"text-align: justify;\"><span style=\"color: #336699;\">Exkurs: Alte M\u00e4nner junge Frauen<\/span><\/li>\n<li><span style=\"color: #336699;\">Neues Team, Chance vertan<\/span><\/li>\n<li style=\"text-align: justify;\"><span style=\"color: #336699;\">Demontage einer Dienst\u00e4ltesten inkl. Exkurs #waswennsieLEBT.\u00a0<\/span><\/li>\n<li style=\"text-align: justify;\"><span style=\"color: #336699;\">Ein sehenswerter Fernsehkrimi\u00a0<\/span><\/li>\n<\/ul>\n<ul>\n<li><span style=\"color: #336699;\">Bonus: Erstes Halbjahr 2026<\/span><\/li>\n<\/ul>\n<h2 style=\"text-align: justify;\"><span style=\"color: #336699;\">36 TATORTE kurz und bunt: 6-Gewerke-Check und #2von6<\/span><\/h2>\n<p style=\"text-align: justify;\"><span style=\"color: #336699;\">Seit 2013 gibt es mein Blog, die TATORTE werte ich r\u00fcckwirkend seit 2011 aus. Es w\u00e4re zu hoffen, dass auch Tatortverantwortliche meine <a href=\"https:\/\/schspin.stieve.com\/tag\/tatort\/\">Analysen und Anregungen<\/a> mitbekommen. Aber wenn ja, so hat es sich zumindest noch nicht nachhaltig ausgewirkt. <\/span><!--more--><\/p>\n<h3 style=\"text-align: justify;\"><span style=\"color: #336699;\">6-Gewerke-Check 2025<\/span><\/h3>\n<p style=\"text-align: justify;\"><span style=\"color: #336699;\">Die n\u00e4chste Abbildung zeigt den 6-Gewerke-Check f\u00fcr die TATORTE 2025, in jedem Gewerk mehr als <span style=\"color: #ed008c;\">50 %<\/span> M\u00e4nner, bei drei Gewerken sogar um die <span style=\"color: #ed008c;\">80 %<\/span> und mehr:<\/span><\/p>\n<p><img loading=\"lazy\" decoding=\"async\" class=\"alignnone size-large wp-image-16337\" src=\"https:\/\/schspin.stieve.com\/wp-content\/uploads\/2026\/04\/SchspIN_Tatort-25_6-Gew-Check-600x337.png\" alt=\"Ein S\u00e4ulendiagramm, das den Frauenanteil (in blau) und M\u00e4nneranteil (in rosa) bei den 6 Kerngewerken f\u00fcr die 36 neuen TATORTE 2025 abbildet\" width=\"600\" height=\"337\" srcset=\"https:\/\/schspin.stieve.com\/wp-content\/uploads\/2026\/04\/SchspIN_Tatort-25_6-Gew-Check-600x337.png 600w, https:\/\/schspin.stieve.com\/wp-content\/uploads\/2026\/04\/SchspIN_Tatort-25_6-Gew-Check-300x169.png 300w, https:\/\/schspin.stieve.com\/wp-content\/uploads\/2026\/04\/SchspIN_Tatort-25_6-Gew-Check-768x432.png 768w, https:\/\/schspin.stieve.com\/wp-content\/uploads\/2026\/04\/SchspIN_Tatort-25_6-Gew-Check.png 900w\" sizes=\"auto, (max-width: 600px) 100vw, 600px\" \/><\/p>\n<p style=\"text-align: justify;\"><span style=\"color: #336699;\"><strong>Montage <\/strong>war zu analogen Filmzeiten eine Frauent\u00e4tigkeit, seit der Digitalisierung r\u00fccken M\u00e4nner nach, Editorinnen kommen weniger zum Einsatz, vor allem im <strong>Kino<\/strong>. Bei<\/span><span style=\"color: #336699;\">\u00a0<\/span><span style=\"color: #336699;\"><b>Fernsehproduktionen<\/b><\/span><span style=\"color: #336699;\"> sah das lange noch anders aus. <\/span><span style=\"color: #336699;\">Im 6-Gewerke-Check eines TATORT-Jahrgangs gab es hier immer die Frauen-H\u00f6chstwerte, bei manchen TAT-Orten, z.B. Wiesbaden, war es das einzige Kerngewerk, in dem \u00fcberhaupt mal eine Frau besch\u00e4ftigt wurde. Jedoch, 2024 fiel der <strong>Editorinnenanteil<\/strong> erstmals <span style=\"color: #01adef;\"><strong>unter 50 %<\/strong><\/span>, 2025 f\u00fcr die 36 TATORTE sogar <strong><span style=\"color: #01adef;\">unter 40 %<\/span><\/strong>. Oh.\u00a0\u00a0<\/span><\/p>\n<p style=\"text-align: justify;\"><img loading=\"lazy\" decoding=\"async\" class=\"alignnone size-large wp-image-16351\" src=\"https:\/\/schspin.stieve.com\/wp-content\/uploads\/2026\/04\/SchspIN_Tatorte-11-25_Montage-600x338.png\" alt=\"\" width=\"600\" height=\"338\" srcset=\"https:\/\/schspin.stieve.com\/wp-content\/uploads\/2026\/04\/SchspIN_Tatorte-11-25_Montage-600x338.png 600w, https:\/\/schspin.stieve.com\/wp-content\/uploads\/2026\/04\/SchspIN_Tatorte-11-25_Montage-300x169.png 300w, https:\/\/schspin.stieve.com\/wp-content\/uploads\/2026\/04\/SchspIN_Tatorte-11-25_Montage-768x433.png 768w, https:\/\/schspin.stieve.com\/wp-content\/uploads\/2026\/04\/SchspIN_Tatorte-11-25_Montage.png 900w\" sizes=\"auto, (max-width: 600px) 100vw, 600px\" \/><\/p>\n<p style=\"text-align: justify;\"><span style=\"color: #336699;\">2025 arbeiteten bei den 36 TATORTEN insgesamt <strong><span style=\"color: #01adef;\">12 Editorinnen<\/span><\/strong>\u00a0und <span style=\"color: #ed008c;\">17 Editoren<\/span>, am h\u00e4ufigsten &#8211; je drei mal &#8211; <span style=\"color: #ed008c;\">Patrick Wilfert<\/span> und <span style=\"color: #ed008c;\">Stefan Blau<\/span>.<\/span><\/p>\n<p style=\"text-align: justify;\"><span style=\"color: #336699;\">Auch f\u00fcr <strong>Ton<\/strong> und <strong>Musik<\/strong> sind die Frauenanteile 2025 wieder gesunken, nur bei <strong>Regie<\/strong>, <strong>Drehbuch<\/strong> und <strong>Kamera<\/strong> stiegen sie an, die letzteren beiden erreichten ungef\u00e4hr die H\u00f6he der<strong> Frauenanteile unter den Alumni<\/strong> an deutschen Filmhochschulen. Hier die Entwicklung der letzten zehn Jahre:\u00a0<\/span><\/p>\n<p><img loading=\"lazy\" decoding=\"async\" class=\"alignnone size-large wp-image-16348\" src=\"https:\/\/schspin.stieve.com\/wp-content\/uploads\/2026\/04\/SchspIN_Tatorte-16-25_6-Gew-Check-600x330.png\" alt=\"\" width=\"600\" height=\"330\" srcset=\"https:\/\/schspin.stieve.com\/wp-content\/uploads\/2026\/04\/SchspIN_Tatorte-16-25_6-Gew-Check-600x330.png 600w, https:\/\/schspin.stieve.com\/wp-content\/uploads\/2026\/04\/SchspIN_Tatorte-16-25_6-Gew-Check-300x165.png 300w, https:\/\/schspin.stieve.com\/wp-content\/uploads\/2026\/04\/SchspIN_Tatorte-16-25_6-Gew-Check-768x422.png 768w, https:\/\/schspin.stieve.com\/wp-content\/uploads\/2026\/04\/SchspIN_Tatorte-16-25_6-Gew-Check.png 900w\" sizes=\"auto, (max-width: 600px) 100vw, 600px\" \/><\/p>\n<p style=\"text-align: justify;\"><span style=\"color: #336699;\">2024 war teilweise ein schlechter Jahrgang, neben Montage besonders f\u00fcr Regie, Drehbuch und Kamera. 2025 wurde das wieder etwas besser:<\/span><\/p>\n<p><img loading=\"lazy\" decoding=\"async\" class=\"alignnone size-large wp-image-16352\" src=\"https:\/\/schspin.stieve.com\/wp-content\/uploads\/2026\/04\/SchspIN_Tatort-24-25_Vergleich-600x337.png\" alt=\"\" width=\"600\" height=\"337\" srcset=\"https:\/\/schspin.stieve.com\/wp-content\/uploads\/2026\/04\/SchspIN_Tatort-24-25_Vergleich-600x337.png 600w, https:\/\/schspin.stieve.com\/wp-content\/uploads\/2026\/04\/SchspIN_Tatort-24-25_Vergleich-300x169.png 300w, https:\/\/schspin.stieve.com\/wp-content\/uploads\/2026\/04\/SchspIN_Tatort-24-25_Vergleich-768x432.png 768w, https:\/\/schspin.stieve.com\/wp-content\/uploads\/2026\/04\/SchspIN_Tatort-24-25_Vergleich.png 900w\" sizes=\"auto, (max-width: 600px) 100vw, 600px\" \/><\/p>\n<h3 style=\"text-align: justify;\"><span style=\"color: #336699;\">#2von6<\/span><\/h3>\n<p style=\"text-align: justify;\"><span style=\"color: #336699;\">Zur Sommerpause (siehe <a href=\"https:\/\/schspin.stieve.com\/2025\/06\/04\/tatorte-sommer-2025\/\">TATORTE Sommer 2025 \u2013 Erstes Zwischenziel erreicht)<\/a> waren es\u00a0 drei TATORTE ohne Frauenbeteiligung in den sechs Kerngewerken. Im zweiten Halbjahr kommen hinzu: <\/span><span style=\"color: #336699;\">DUNKELHEIT und LICHT (5.10. bzw. 30.11,) die ersten beiden F\u00e4lle des neuen Teams in Frankfurt \u2013 mehr dazu sp\u00e4ter, DIE ERFINDUNG DES RADES (M\u00fcnster 7.12.) und MUROT UND DER ELEFANT IM RAUM (Wiesbaden 28.12.). Es sind also <strong>insgesamt sieben Filme 2025 mit einer glatten <\/strong><span style=\"color: #ed008c;\">0von6<\/span>. <\/span><\/p>\n<p><img loading=\"lazy\" decoding=\"async\" class=\"alignnone size-large wp-image-16338\" src=\"https:\/\/schspin.stieve.com\/wp-content\/uploads\/2026\/04\/SchspIN_Tatort-25_2von6-600x335.png\" alt=\"ein S\u00e4ulendiagramm, das anzeigt an wie vielen der sechs Kerngewerke f\u00fcr die 36 neuen TATORTE 2026 Filmfrauen mitarbeiteten\" width=\"600\" height=\"335\" srcset=\"https:\/\/schspin.stieve.com\/wp-content\/uploads\/2026\/04\/SchspIN_Tatort-25_2von6-600x335.png 600w, https:\/\/schspin.stieve.com\/wp-content\/uploads\/2026\/04\/SchspIN_Tatort-25_2von6-300x168.png 300w, https:\/\/schspin.stieve.com\/wp-content\/uploads\/2026\/04\/SchspIN_Tatort-25_2von6-768x429.png 768w, https:\/\/schspin.stieve.com\/wp-content\/uploads\/2026\/04\/SchspIN_Tatort-25_2von6.png 900w\" sizes=\"auto, (max-width: 600px) 100vw, 600px\" \/><\/p>\n<p style=\"text-align: justify;\"><span style=\"color: #336699;\">Im 2. Halbjahr 2025 waren bei keinem Tatort Filmfrauen an vier oder f\u00fcnf Kerngewerken beteiligt.\u00a0 Den einzigen TATORT mit <strong>5von6<\/strong> gab es im 1. Halbjahr, BOROWSKI UND DAS HUNGRIGE HERZ, Kiel 12.1.25.<\/span><\/p>\n<p style=\"text-align: justify;\"><span style=\"color: #336699;\">\u201eImmerhin&#8221; schaffen mehr als die H\u00e4lfte der Filme #2von6, angestrebt sollten nat\u00fcrlich <strong>100 % <\/strong>werden. Denn alle \u00f6ffentlich gef\u00f6rderten Projekte sollten an zwei der sechs Kerngewerke Filmfrauen beteiligen, alleine oder in gemischten Teams, um den Frauenanteil auf unkomplizierte Weise zu erh\u00f6hen. Weiterhin <\/span><span style=\"color: #336699;\">&#8211; auch in dieser Hinsicht &#8211; dringender Handlungsbedarf besteht in Wiesbaden, und in die<span style=\"color: #ed008c;\"> rosa Problemzone<\/span> hinzugekommen ist das neue Team im knapp 40 km entfernten Frankfurt.\u00a0<\/span><\/p>\n<h2><span style=\"color: #336699;\">Exkurs: Alte M\u00e4nner junge Frauen<\/span><\/h2>\n<p style=\"text-align: justify;\"><span style=\"color: #336699;\">Die \u00dcberschrift deutet es an, es geht um die Altersverteilung bei <strong>Regie<\/strong> und den<strong> erstgenannten Darsteller:innen<\/strong>, wobei ich als Grundlage das jeweilige Alter am 1. Januar 2025 nehme. A<\/span><span style=\"color: #336699;\">lle Angaben zur Vita laut <a href=\"https:\/\/www.crew-united.com\" target=\"_blank\" rel=\"noopener\">crew united<\/a>, die Vollst\u00e4ndigkeit kann ich nicht garantieren.<\/span><\/p>\n<p><img loading=\"lazy\" decoding=\"async\" class=\"alignnone size-large wp-image-16358\" src=\"https:\/\/schspin.stieve.com\/wp-content\/uploads\/2026\/04\/SchspIN_Tatort-25_Alter-Regie-600x337.png\" alt=\"\" width=\"600\" height=\"337\" srcset=\"https:\/\/schspin.stieve.com\/wp-content\/uploads\/2026\/04\/SchspIN_Tatort-25_Alter-Regie-600x337.png 600w, https:\/\/schspin.stieve.com\/wp-content\/uploads\/2026\/04\/SchspIN_Tatort-25_Alter-Regie-300x169.png 300w, https:\/\/schspin.stieve.com\/wp-content\/uploads\/2026\/04\/SchspIN_Tatort-25_Alter-Regie-768x432.png 768w, https:\/\/schspin.stieve.com\/wp-content\/uploads\/2026\/04\/SchspIN_Tatort-25_Alter-Regie.png 900w\" sizes=\"auto, (max-width: 600px) 100vw, 600px\" \/><\/p>\n<p style=\"text-align: justify;\"><span style=\"color: #336699;\">Die j\u00fcngste Regisseurin (<strong>32<\/strong>) ist <span style=\"color: #01adef;\"><strong>Milena Aboyan<\/strong><\/span>, \u00dcBERLEBE WENIGSTENS BIS MORGEN (Stuttgart 23.11.25) ist ihr zweiter Langfilm \u00fcberhaupt, nach dem Kinofilm ELAHA (Premiere Berlinale 2023).<\/span><\/p>\n<p style=\"text-align: justify;\"><span style=\"color: #336699;\">Die j\u00fcngsten Regisseure (<strong>42<\/strong>) sind <span style=\"color: #ed008c;\">Rudi Gaul<\/span> und <span style=\"color: #ed008c;\">Stefan Schaller<\/span>. F\u00fcr <strong>Rudi Gaul<\/strong> war VERBLENDUNG (Stuttgart 19.1.25) sein siebter TATORT, sein erster, VIDEOBEWEIS, wurde 2021 ausgestrahlt. F\u00fcr<strong> Stefan Schaller<\/strong> war DUNKELHEIT (Frankfurt 5.10.25) sein dritter TATORT, sein erster, DAMIAN, premierte 2018.<\/span><\/p>\n<p style=\"text-align: justify;\"><span style=\"color: #336699;\">Die \u00e4lteste Regisseurin (<strong>59<\/strong>) ist <strong><span style=\"color: #01adef;\">Maria S\u00f3lr\u00fan<\/span><\/strong>, BOROWSKI UND DAS HUNGRIGE HERZ (Kiel 12.1.25) ihr bislang einziger Tatort.<\/span><\/p>\n<p style=\"text-align: justify;\"><span style=\"color: #336699;\">Der \u00e4lteste Regisseur (74) ist <span style=\"color: #ed008c;\">Max F\u00e4rberb\u00f6ck<\/span>\u00a0 der auf insgesamt acht TATORTE kommt. Sein erster Fall war AM ENDE DES FLURS (M\u00fcnchen\u00a0 2014). F\u00fcr 2025 inszenierte er den Franken-Fall ICH SEHE DICH (14.9.25).<\/span><\/p>\n<p style=\"text-align: justify; padding-left: 40px;\"><span style=\"color: #336699;\"><strong>Einschub<\/strong>: ICH SEHE DICH (Buch <span style=\"color: #ed008c;\">Max F\u00e4rberb\u00f6ck<\/span> und <strong><span style=\"color: #01adef;\">Catharina Schuchmann<\/span><\/strong>) ist der erste Franken Fall nach TROTZDEM (Buch und Regie <span style=\"color: #ed008c;\">Max F\u00e4rberb\u00f6ck<\/span>), dem letzten mit <strong>Paula Ringelhahn<\/strong> (<span style=\"color: #01adef;\"><strong>Dagmar Manzel<\/strong><\/span>), \u00fcber den ich im Oktober 24 ausf\u00fchrlicher schrieb (<a href=\"https:\/\/schspin.stieve.com\/2024\/10\/25\/tatorte-erste-faelle-drehbuch\/\">Wer hat&#8217;s erfunden? First Case Scenario<\/a>),\u00a0 In TROTZDEM gab es viele ,unwichtige&#8217; Tote, also Menschen die ermordet wurden aber kaum charakterisiert werden und wenn dann eindimensional negativ, wie z.B. die Figur <strong><span style=\"color: #01adef;\">Bettina W\u00f6lfel<\/span><\/strong>, aber auch die Ermordeten im Schlussshowdown, w\u00e4hrend die Kripoabteilung Sekt trinkt und Abschied feiert. <\/span><\/p>\n<p style=\"text-align: justify; padding-left: 40px;\"><span style=\"color: #336699;\">Diesmal hat <strong>F\u00e4rberb\u00f6ck<\/strong> mit <strong>Schuchmann<\/strong> u.a.<strong> 15 vergewaltigte Frauen<\/strong> ins Drehbuch geschrieben, die entpersonalisiert nur als Zahl vorkommen. Warum nicht weniger Frauen, aber die daf\u00fcr als Menschen? Dazu kommt noch eine <strong>Blinde<\/strong>, die beinahe Selbstmord begeht zu einem Zeitpunkt, als ihr Peiniger nicht mehr lebt. Und die <strong>Mutter<\/strong> von eben diesem Peiniger, die sich suizidiert, nachdem sie erf\u00e4hrt, dass ihr Sohn nach zwei Jahren Verschwundensein tot aufgefunden wurde. Warum, damit der Kommissar betroffen sein kann? <\/span><\/p>\n<p style=\"text-align: justify;\"><span style=\"color: #336699;\">Hm. Zur\u00fcck zum Alter.\u00a0<\/span><\/p>\n<p style=\"text-align: justify;\"><span style=\"color: #336699;\">Dass <strong>TATORT-<span style=\"color: #01adef;\">Regisseurinnen<\/span> und <\/strong><span style=\"color: #ed008c;\">Regisseure<\/span><strong> sich bez\u00fcglich des Alters klar unterscheiden<\/strong> kommt bei jeder meiner Altersanalysen raus, wenn auch nicht unbedingt so deutlich wie hier. Ich m\u00fcsste mal wieder eine Aufstellung machen, wer wie oft beim TATORT ,darf&#8217; (ich vermute, dass ab 60 kaum jemand seinen ersten bekommt, sondern dass das ,Stammregisseure&#8217; sind, aber wer wei\u00df). Ein anderes Mal.<\/span><\/p>\n<p style=\"text-align: justify;\"><span style=\"color: #336699;\">Und <strong>vor der Kamera?<\/strong> (auch hier beziehen sich alle Altersangaben auf den 1.1.25, und wer 2025 in zwei oder mehr TATORTEN ermittelt hat landet mehrfach in der Grafik)<\/span><\/p>\n<p><img loading=\"lazy\" decoding=\"async\" class=\"alignnone size-large wp-image-16359\" src=\"https:\/\/schspin.stieve.com\/wp-content\/uploads\/2026\/04\/SchspIN_Tatort-25_Alter-Erstgen-600x329.png\" alt=\"\" width=\"600\" height=\"329\" srcset=\"https:\/\/schspin.stieve.com\/wp-content\/uploads\/2026\/04\/SchspIN_Tatort-25_Alter-Erstgen-600x329.png 600w, https:\/\/schspin.stieve.com\/wp-content\/uploads\/2026\/04\/SchspIN_Tatort-25_Alter-Erstgen-300x164.png 300w, https:\/\/schspin.stieve.com\/wp-content\/uploads\/2026\/04\/SchspIN_Tatort-25_Alter-Erstgen-768x421.png 768w, https:\/\/schspin.stieve.com\/wp-content\/uploads\/2026\/04\/SchspIN_Tatort-25_Alter-Erstgen.png 900w\" sizes=\"auto, (max-width: 600px) 100vw, 600px\" \/><\/p>\n<p><span style=\"color: #336699;\">Die ,Rentnercops&#8217; (<strong>\u00dc65<\/strong>) spielten 2025:<\/span><\/p>\n<ul>\n<li><span style=\"color: #336699;\"><span style=\"color: #ed008c;\">Axel Milberg<\/span> in Kiel (letzter Fall 16.3.25), 2 x<\/span><\/li>\n<li><span style=\"color: #336699;\"><span style=\"color: #ed008c;\">Richy M\u00fcller<\/span> in Stuttgart (ermittelt weiter), 2 x<\/span><\/li>\n<li><span style=\"color: #336699;\"><span style=\"color: #ed008c;\">Udo Wachtveitl<\/span> und <span style=\"color: #ed008c;\">Miroslav Nemec<\/span> in M\u00fcnchen (letzter Fall Ostern 26), 3 x<\/span><\/li>\n<li><span style=\"color: #336699;\"><span style=\"color: #ed008c;\">Ulrich Tukur<\/span> in Wiesbaden (ermittelt weiter), 1 x\u00a0<\/span><\/li>\n<li><span style=\"color: #336699;\"><strong><span style=\"color: #01adef;\">Corinna Harfouch <\/span><\/strong>in Berlin (letzter Fall 1.2.26), 2 x<\/span><\/li>\n<\/ul>\n<p style=\"text-align: justify;\"><span style=\"color: #336699;\">Der von <span style=\"color: #ed008c;\">Ulrich Tukur<\/span> (67) gespielte Kommissar wurde <strong>5<\/strong> Jahre j\u00fcnger geschrieben als er, die von <span style=\"color: #01adef;\"><strong>Corinna Harfouch<\/strong><\/span> (70) verk\u00f6rperte Kommissarin <strong>7<\/strong> Jahre j\u00fcnger als sie.<\/span><\/p>\n<ul>\n<li><span style=\"color: #336699;\"><span style=\"color: #ed008c;\">Joe Bausch<\/span> in der Dauernebenrolle des Gerichtsmediziners ist in K\u00f6ln weiter dabei. Er wurde 2024 <strong>71<\/strong> Jahre alt.\u00a0 <\/span><\/li>\n<li><span style=\"color: #336699;\"><span style=\"color: #01adef;\"><strong>Mechthild Gro\u00dfmann<\/strong> <\/span>als Staatsanw\u00e4ltin Klemm in M\u00fcnster hatte ihren letzter Fall am 7.12.25. Sie wurde 2024 <strong>76<\/strong> Jahre alt.\u00a0<\/span><\/li>\n<\/ul>\n<p><span style=\"color: #336699;\">Es folgen die<strong> 64 bis 65-J\u00e4hrige<\/strong>n:<\/span><\/p>\n<ul>\n<li><span style=\"color: #336699;\"><span style=\"color: #ed008c;\">Axel Prahl<\/span> in M\u00fcnster (ermittelt weiter), 2 x\u00a0<\/span><\/li>\n<li><span style=\"color: #336699;\"><span style=\"color: #ed008c;\">Klaus J. Behrendt<\/span> in K\u00f6ln (ermittelt weiter), 2 x\u00a0<\/span><\/li>\n<li><span style=\"color: #336699;\"><span style=\"color: #ed008c;\">Harald Krassnitzer<\/span> und <strong><span style=\"color: #01adef;\">Adele Neuhauser<\/span><\/strong> in Wien (letzter Fall angek\u00fcndigt f\u00fcr Ende 2026), 3 x<\/span><\/li>\n<\/ul>\n<p style=\"text-align: justify;\"><span style=\"color: #336699;\">Ich sollte einmal <strong>eine Altersanalyse der kompletten Ermittlungsteams<\/strong> anfertigen, nicht nur der Erstgenannten. Und a<\/span><span style=\"color: #336699;\">u\u00dferdem die <strong>Drehbuchleute<\/strong> altersm\u00e4\u00dfig analysieren. Aber das sind Aufgaben f\u00fcr einen anderen Tag.<\/span><\/p>\n<h2><span style=\"color: #336699;\">Neues Team, Chance vertan<\/span><\/h2>\n<p style=\"text-align: justify;\"><span style=\"color: #336699;\">Schon l\u00e4nger thematisiere ich, dass Ermittler:innen und Grundsetting f\u00fcr einen neuen TATORT-Standort bislang immer <strong>nur von<\/strong> <span style=\"color: #ed008c;\">Autoren<\/span> erfunden wurden, <strong>noch nie von einer<\/strong> <strong><span style=\"color: #01adef;\">Frau<\/span><\/strong>. (siehe zum Beispiel <a href=\"https:\/\/schspin.stieve.com\/2024\/10\/25\/tatorte-erste-faelle-drehbuch\/\">Wer hat\u2019s erfunden? First Case Scenario<\/a>). Der <strong>Autorinnenanteil 2025<\/strong> betr\u00e4gt <strong><span style=\"color: #01adef;\">43 %<\/span><\/strong>, es gibt sie also auch beim TATORT, schreibende Frauen. Alleine, zu zweit und in gemischten Teams:<\/span><\/p>\n<p><img loading=\"lazy\" decoding=\"async\" class=\"alignnone size-large wp-image-16401\" src=\"https:\/\/schspin.stieve.com\/wp-content\/uploads\/2026\/04\/SchspIN_Tatorte-25_Drehbuch-600x328.png\" alt=\"\" width=\"600\" height=\"328\" srcset=\"https:\/\/schspin.stieve.com\/wp-content\/uploads\/2026\/04\/SchspIN_Tatorte-25_Drehbuch-600x328.png 600w, https:\/\/schspin.stieve.com\/wp-content\/uploads\/2026\/04\/SchspIN_Tatorte-25_Drehbuch-300x164.png 300w, https:\/\/schspin.stieve.com\/wp-content\/uploads\/2026\/04\/SchspIN_Tatorte-25_Drehbuch-768x420.png 768w, https:\/\/schspin.stieve.com\/wp-content\/uploads\/2026\/04\/SchspIN_Tatorte-25_Drehbuch.png 900w\" sizes=\"auto, (max-width: 600px) 100vw, 600px\" \/><\/p>\n<p style=\"text-align: justify;\"><span style=\"color: #336699;\">Womit ich nicht sagen will, dass Autorinnen automatisch bessere Drehb\u00fccher schreiben oder schl\u00fcssigere Figuren entwickeln oder weniger aus m\u00e4nnlicher Perspektive oder TATORT-haftig schreiben &#8211; ich komme sp\u00e4ter noch auf den Fall <\/span><span style=\"color: #336699;\">MIKE &amp; NISHA, der von <span style=\"color: #01adef;\"><strong>Annette Lober<\/strong> <\/span>stammt. Mir geht es zun\u00e4chst darum, dass alle Zugang zu den Futtertr\u00f6gen haben sprich: f\u00fcr das bestbezahlte ARD-Format arbeiten k\u00f6nnen, theoretisch. Und trotzdem, was w\u00e4re, wenn eine oder mehrere Autorinnen ein neues Team kreieren?\u00a0<\/span><\/p>\n<p style=\"text-align: justify;\"><span style=\"color: #336699;\">Noch werden wir es nicht erfahren.\u00a0<\/span><\/p>\n<p style=\"text-align: justify;\"><span style=\"color: #336699;\">Die Frankfurt-Nachfolger von <strong>Anna Janneke<\/strong> (<span style=\"color: #01adef;\"><strong>Margarita Broich<\/strong><\/span>) und <strong>Paul Brix<\/strong> (<span style=\"color: #ed008c;\">Wolfram Koch<\/span>), die in ihrem letzten Tatort ES GR\u00dcNT SO GR\u00dcN, WENN FRANKFURTS BERGE BL\u00dcH\u2019N mal eben per Autobombe in die Luft bzw. den Tod gesprengt wurden, hei\u00dfen <strong>Maryam Azadi<\/strong> (<strong><span style=\"color: #01adef;\">Melika Foroutan<\/span><\/strong>) und <strong>Hamza Kulina<\/strong> (<span style=\"color: #ed008c;\">Edin Hasanovi\u0107<\/span>). Ihren ersten Fall LICHT haben sich <span style=\"color: #ed008c;\">Senad Hali lba\u0161i\u0107<\/span> und <span style=\"color: #ed008c;\">Erol Yesilkaya<\/span> mit Regisseur <span style=\"color: #ed008c;\">Stefan Schaller<\/span> ausgedacht, und damit die Charaktere, <\/span><span style=\"color: #336699;\">die <\/span><span style=\"color: #336699;\">Ausrichtung und das Setting vorgegeben; <strong>Azadi<\/strong> und <strong>Kulina<\/strong> ermitteln Altf\u00e4lle \/ Cold Cases, ihr B\u00fcro liegt im tiefsten Keller des Polizeipr\u00e4sidiums. Kulina ist emotional und Azadi ist .. seine Kollegin (<a href=\"https:\/\/www.swp.de\/unterhaltung\/tv\/tatort-fackel-kritik-handlung-besetzung-78719033.html\" target=\"_blank\" rel=\"noopener\">S\u00fcdwest Presse<\/a><\/span><span style=\"color: #336699;\">).<\/span><\/p>\n<p style=\"text-align: justify;\"><span style=\"color: #336699;\">Die Vorgesetzte der beiden, <strong>Sandra Schatz<\/strong> (<span style=\"color: #01adef;\"><strong>Julia Engel<\/strong><\/span>), wurde in der ersten Folge eingef\u00fchrt, und wie es auf der <a href=\"https:\/\/de.wikipedia.org\/wiki\/Tatort:_Dunkelheit\" target=\"_blank\" rel=\"noopener\">Wikipedia-Seite zu DUNKELHEIT<\/a> hei\u00dft (leider sind die ARD-TATORT-Seiten, auf denen z.B. die Teams vorgestellt wurden, offline und noch nicht durch etwas Ad\u00e4quates ersetzt worden): <\/span><\/p>\n<p style=\"padding-left: 40px;\"><span style=\"color: #336699;\">Ein zweiter Handlungsstrang beschreibt die Intrige der Vorgesetzten Sandra Schatz<\/span><span style=\"color: #c9211e;\"><b>\u00a0<\/b><\/span><span style=\"color: #336699;\">gegen ihre Mitarbeiterin Azadi. Sie hat den neuen Kollegen Kulina in dieselbe Abteilung platziert, um interne Ermittlungen gegen Azadi zu f\u00fchren, weil sich Schatz mehrmals bei Bewerbungen nicht gegen sie durchsetzen konnte. Kulina soll Material sammeln, das Schatz gegen Azadi verwenden kann, um sich an ihr zu r\u00e4chen. <\/span><\/p>\n<p style=\"text-align: justify;\"><span style=\"color: #336699;\">Keine Ahnung, ob das so in der Folge vorkam oder ob das in irgendwelchen Presseunterlagen stand. Aber mal ernsthaft: Eine Intrige? Eine Vorgesetzte ist beleidigt, weil eine ihr untergeordnete Kollegin bei Bewerbungen erfolgreicher war? Was sollen das f\u00fcr Bewerbungen gewesen sein, Spielf\u00fchrerin im Betriebsvolleyballteam, Schatzmeisterin der Kaffeekasse? Schatz ist die Vorgesetzte, sie hat einen Job der h\u00f6her in der Hierarchie und vermutlich auch im Gehaltsgef\u00fcge angesiedelt ist. Und sie hegt einen Groll gegen Azadi. Ist das diese ber\u00fchmte Stutenbissigkeit? Wer denkt sich so was aus? Ach ja, <span style=\"color: #ed008c;\">Senad Hali lba\u0161i\u0107<\/span> und <span style=\"color: #ed008c;\">Erol Yesilkaya<\/span> mit Regisseur <span style=\"color: #ed008c;\">Stefan Schaller<\/span>. Peng.<\/span><\/p>\n<p style=\"text-align: justify;\"><span style=\"color: #336699;\">Ansonsten ist glaube ich die einzig andere durchgehende Rolle Kulinas Mutter <strong>Emina<\/strong> (<strong><span style=\"color: #01adef;\">Gordana Boban<\/span><\/strong>), die mit ihrem Sohn nur Bosnisch spricht.\u00a0<\/span><\/p>\n<p style=\"text-align: justify;\"><span style=\"color: #336699;\">Problematisch fand ich zwei Frauenfiguren im 3. Fall, <strong>Almila Akad<\/strong> und <strong>Andrea Hofer<\/strong>. Da der aber erst 2026 gesendet wurde verweise ich an dieser Stelle auf meinen letzten Blogartikel <a href=\"https:\/\/schspin.stieve.com\/2026\/04\/02\/was-wenn-sie-lebt\/\">Was wenn sie lebt,<\/a>.\u00a0<\/span><\/p>\n<p style=\"text-align: justify;\"><span style=\"color: #336699;\">An alle, die jetzt sagen &#8220;Ist doch egal, ob es sich M\u00e4nner oder Frauen ausdenken&#8221;: Tja, also wenn das egal ist, warum sind es dann <span style=\"color: #ed008c;\">immer nur M\u00e4nner<\/span>, die neue TAT-Orte, neue Ermittler:innen erfinden d\u00fcrfen?<\/span><\/p>\n<p style=\"text-align: justify;\"><span style=\"color: #336699;\">Und wie sind die beiden Neuen in Frankfurt so? <\/span><\/p>\n<p style=\"text-align: justify;\"><span style=\"color: #336699;\"><strong>Azadi<\/strong> hat iranische Wurzeln und ist kompetent, kontrolliert und verschlossen, sie erinnerte mich ein bisschen an die kompetente, kontrollierte und verschlossene Ermittlerin in der Serie \u00fcber das Busungl\u00fcck (HUNDERTDREIZEHN). Sehr viel Pers\u00f6nliches hat das Publikum noch nicht wirklich \u00fcber sie erfahren. Sie hatte glaube ich im zweiten Fall ein privates Telefonat gef\u00fchrt (mit ihrem Sohn?), vermutlich auf F\u0101rsi. Zur angeblichen Schatz-Intrige gegen Azadi hei\u00dft es <a href=\"https:\/\/de.wikipedia.org\/wiki\/Azadi_und_Kulina\" target=\"_blank\" rel=\"noopener\">an anderer Wikipediastelle<\/a> noch: &#8220;Au\u00dferdem vermutet Schatz, dass Azadi eigenen Ermittlungen nachgeht, weil sie sich auff\u00e4llig oft im Zentralarchiv aufh\u00e4lt. Sie h\u00e4lt \u2013 dienstrechtlich problematisch \u2013 ein eigenes Archiv aus ausgesonderten Akten und Aktenkopien.&#8221;<\/span><\/p>\n<p style=\"text-align: justify;\"><span style=\"color: #336699;\"><strong>Kulina<\/strong>, aus Bosnien-Herzegowina stammend, ist der emotionale. Seine Mutter besucht er in jeder Folge und somit das Viertel in dem er aufwuchs. Auch die Tragik seines verstorbenen Bruders wurde im ersten Fall erz\u00e4hlt, und seit dem dritten Fall (22.3.26)\u00a0 kennt man auch eine Ex-Freundin von ihm, die aber jetzt leider tot ist. Gegen ihn lief anfangs ein Disziplinarverfahren, das w\u00e4hrend des zweiten Falls eingestellt wurde. Mit dem Verfahren hatte ihn wohl die Vorgesetzte Schatz unter Druck gesetzt Azadi zu beobachten \/ auszuspionieren (wegen der Privatermittlungssache). Das will er aber nicht (mehr), denn er h\u00e4lt sie f\u00fcr eine hervorragende Polizistin und arbeitet gerne mit ihr zusammen.<\/span><\/p>\n<p style=\"text-align: justify;\"><span style=\"color: #336699;\">Im <strong>6-Gewerke-Check<\/strong> der drei F\u00e4lle (einschlie\u00dflich <\/span><span style=\"color: #336699;\">Fr\u00fchjahr 2026) liefert das neue Frankfurt einen glatten<span style=\"color: #ed008c;\"> Pink Flush. <span style=\"color: #336699;\">Nicht nur die Drehb\u00fccher, auch Regie, Bildgestaltung, Ton, Musik, Schnitt nur von M\u00e4nnern. Peng. <\/span><\/span><\/span><\/p>\n<p style=\"text-align: justify;\"><span style=\"color: #336699;\"><span style=\"color: #ed008c;\"><span style=\"color: #336699;\">Positiv ist auf jeden Fall, dass durch die Rahmenhandlung der Altf\u00e4lle wesentlich h\u00e4ufiger auch <strong>die Folgen eines (Gewalt-)Verbrechens auf die unmittelbare Umgebung \/ Angeh\u00f6rige\u00a0<\/strong> zur Sprache kommen kann. Wobei das teilweise etwas d\u00fcnn ist. Im 3. Fall &#8211; ich wei\u00df, der war nicht 2025 &#8211; gibt es 13 Tote bei einem Hochhausbrand, wir lernen aber nur <strong>eine<\/strong> Hinterbliebene kennen, die ihre Mutter in dem Brand verloren hat. Und die z\u00fcndet sich am Ende selbst an.<\/span><\/span><\/span><\/p>\n<h2><span style=\"color: #336699;\">Demontage einer Dienst\u00e4ltesten<\/span><\/h2>\n<p style=\"text-align: justify;\"><span style=\"color: #336699;\">Die derzeit am l\u00e4ngsten aktive Ermittler:in ist <strong>Lena Odenthal<\/strong>, in Ludwigshafen. <strong><span style=\"color: #01adef;\">Ulrike Folkerts<\/span> <\/strong>spielte sie das erste Mal im Tatort DIE NEUE 1989. Wobei sie deutlich weniger TATORTE dreht als die Kommissare in M\u00fcnchen oder K\u00f6ln, aber das ist ein anderes Thema. <\/span><\/p>\n<p style=\"text-align: justify;\"><span style=\"color: #336699;\">Stattdessen m\u00f6chte ich kurz mein Unbehagen wiedergeben, wenn ich an j\u00fcngste F\u00e4lle aus Ludwigshafen denke.\u00a0<\/span><span style=\"color: #336699;\">Ich hab vor einer Weile \u00fcber den wirklich entsetzlichen Tatort DAS VERH\u00d6R geschrieben (<a href=\"https:\/\/schspin.stieve.com\/2022\/11\/13\/tatorte-2022-eine-gemischte-zwischenbilanz\/\">Tatorte 2022 &#8211; Eine gemischte Zwischenbilanz<\/a>), den man als breite Demontage der Protagonistin beschreiben kann. <\/span><span style=\"color: #336699;\">2025 sah es leider nicht viel besser aus, in ihrem einzigen Fall &#8211; MIKE &amp; NISHA &#8211;\u00a0 arbeitet sie weiterhin mit <strong>Johanna Stern<\/strong> (<strong><span style=\"color: #01adef;\">Lisa Bitter<\/span><\/strong>) zusammen, allerdings, wenn die beiden gemeinsam auftreten behandelt Odenthal die Kollegin h\u00e4ufig wie eine Vorgesetzte, mit Blicken, mit Taten, mit Duldung oder sogar Unterst\u00fctzung deren illegalen Vorgehens. Zum Team geh\u00f6ren seit 2024 zwei Neue &#8211; <strong>Mara Hermann<\/strong>\u00a0und <strong>Nico Langenkamp<\/strong>, die st\u00e4ndig ihr eigenes Ding machen, Ermittler spielen und Vorschriften und Gesetze \u00fcbertreten, was <strong>Odenthal<\/strong> erlaubt bzw. immer wieder durchgehen l\u00e4sst, &#8211; ich wei\u00df nicht, ob das als Comic Relief gedacht ist, oder blo\u00df der Schw\u00e4chung der Vorgesetzten Odenthal dienen soll?<\/span><\/p>\n<p style=\"text-align: justify;\"><span style=\"color: #336699;\">Wenn man zu Hause aus der Nachbarwohnung oder dem angrenzenden Haus ungew\u00f6hnliche Ger\u00e4usche oder gar Schreie h\u00f6rt, die zB auf (h\u00e4usliche) Gewalt hindeuten k\u00f6nnten, dann ist es gut, wenn man nicht in TATORT-Ludwigshafen wohnt, denn da h\u00e4tte man erhebliche Probleme, diesen Verdacht bei den Beh\u00f6rden zu melden. <\/span><span style=\"color: #336699;\">So abweisend-anklagend, wie die ,Nachbarin&#8217; (eingef\u00fchrt als neugierige pflegende Angeh\u00f6rige und Alkoholikerin) von Streifenpolizei und Kripo behandelt wird, als sie genau das machen wollte, nebst der st\u00e4ndigen Wiederholung, dass sie ja alkoholisiert war und deshalb unglaubw\u00fcrdig (?) ist schon ein Armutszeugnis. Zumal sich das Odenthal-Team auch nicht aufgeschlossener verhielt. War das Absicht, damit auch ja alle mitbekommen, wer die wirklichen B\u00f6sen in diesem TATORT sind: d<\/span><span style=\"color: #336699;\">ie neugierige Nachbarin und der Reichsb\u00fcrger-Nachbar (so will ich sie mal nennen), selbst wenn die Nachbarin vielleicht eine Gewalttat melden m\u00f6chte?<\/span><\/p>\n<p style=\"text-align: justify;\"><span style=\"color: #336699;\">Das Publikum sieht zu Beginn die Morde und wei\u00df deutlich mehr als Odenthal und ihr Team, die bis zum Ende keine Kenntnis der Brutalit\u00e4t der Tat haben. Odenthal erf\u00e4hrt am Ende nur, dass die Leichen in der Biogasanlage gefunden wurden. Das mag als Erkl\u00e4rung daf\u00fcr dienen, dass sie die ganze Zeit gewisse Sympathien f\u00fcr das Liebespaar hegt.\u00a0<\/span><\/p>\n<ul>\n<li><span style=\"color: #336699;\">Odenthal: \u201eWarum macht mich dieses Paar so traurig\u201c<\/span><\/li>\n<li><span style=\"color: #336699;\">Stern: \u201evielleicht weil sie ohne diese Tat noch ihr ganzes Leben vor sich h\u00e4tten\u201c<\/span><\/li>\n<\/ul>\n<p><span style=\"color: #336699;\">Mich macht eher traurig, dass das Paar zwei Menschen abgeschlachtet hat.<\/span><\/p>\n<h2><span style=\"color: #336699;\">Exkurs: #waswennsieLEBT.<\/span><\/h2>\n<p style=\"text-align: justify;\"><span style=\"color: #336699;\">Ich habe zuletzt den Artikel #waswennsieLEBT, ver\u00f6ffentlicht. Auch in MIKE &amp; NISHA gibt es ein Beispiel f\u00fcr eine Frauenfigur, die mal so eben stirb und deren Weiterleben interessant f\u00fcr sie und andere Figuren bzw. die Gesamthandlung h\u00e4tte sein k\u00f6nnen (und f\u00fcr die Schauspielerin!): Mikes <strong>Mutter Emmi<\/strong> (<strong><span style=\"color: #01adef;\">Judith Hofmann<\/span><\/strong>). <\/span><\/p>\n<p style=\"text-align: justify;\"><span style=\"color: #336699;\">Bis kurz vor ihrem Tod wurden die beiden Eltern kontrastierend gezeichnet, der <strong>Vater<\/strong> <strong>Gustav<\/strong> in nur einer Farbe, daueraggressiv. <\/span><span style=\"color: #336699;\">Die <strong>Mutter<\/strong> war da anders, sie gab ihrem Mann zaghaft Kontra, sie freute sich \u00fcber den Besuch von Mike und Nisha und das Katzengeschenk, versuchte zu ihrem Sohn und der neuen Freundin freundlichen Kontakt aufzubauen. Und auch wenn die Nachbarn \u00fcber das Elternpaar sprechen ist immer nur der Vater problematisch, der rumbr\u00fcllte und Streit hatte mit dem Reichsb\u00fcrger-Nachbarn. Die Mutter kam in den Konfliktschilderungen eher gar nicht vor. <\/span><\/p>\n<p style=\"text-align: justify;\"><span style=\"color: #336699;\">Was macht das Drehbuch aus den unterschiedlichen Elterncharakteren? Nichts. Emmi wird get\u00f6tet. Vom eigenen Sohn brutal erschlagen. Wobei seine Motivation nicht wirklich klar war, ging es darum, eine Zeugin aus dem Weg zu r\u00e4umen? Wollte er seiner Freundin das gute Gef\u00fchl geben, dass sie nicht alleine als M\u00f6rderin \/ Totschl\u00e4gerin dasteht, nachdem sie eben seinen Vater (der sich sp\u00e4ter auch als ihr Vater herausstellt) mit dem Sch\u00fcrhaken erschlagen hat? Und warum hinterher dieses gemeinsame auf die beiden leblosen Menschen ,Eindreschen&#8217; (so hie\u00df es in der Audiodeskription), als die Eltern tot oder fast tot am Boden lagen? <\/span><\/p>\n<p style=\"text-align: justify;\"><span style=\"color: #336699;\">Egal, wir fragen<strong> #waswennsieLEBT.<\/strong> Mal angenommen Mutter Emmi w\u00e4re nicht von ihrem Sohn umgebracht worden. Dann h\u00e4tte sie kurz vorher, nach dem Tod des Vaters \/ ihres Mannes, nicht angefangen wie ihr Mann rumzubr\u00fcllen und zu drohen, sondern vielleicht nur fassungslos nach Worten gerungen und sich \u00e4ngstlich von ihrem Sohn wegbewegt. Der h\u00e4tte sagen k\u00f6nnen &#8220;Sie hat es auch f\u00fcr Dich getan, Mama&#8221;. Viel spannender! Dann k\u00f6nnten sich Mike und Nisha streiten, ob der Mutter zu trauen ist, dass sie nichts verr\u00e4t, Mike w\u00e4re zwischen den beiden Frauen hin und her gerissen, die Mutter wird vielleicht gefesselt, bet\u00e4ubt (sicher h\u00e4tte es zuf\u00e4lligerweise irgendwo Chloroform gegeben), und dann h\u00e4tte Mike nur die Leiche seines Vaters entsorgen und Nisha die Polizei und den Nachbarn abwehren m\u00fcssen und gleichzeitig daf\u00fcr sorgen, dass niemand die Mutter h\u00f6rt, die vielleicht im Keller oder Bad gefesselt und geknebelt versteckt wurde. Nur so ein Gedanke. <\/span><\/p>\n<p style=\"text-align: justify;\"><span style=\"color: #336699;\">Dass die Mutter auf einmal pl\u00f6tzlich genauso aggressiv und feindselig wie der Vater rumschrie fand ich jedenfalls die denkbar schlechteste Figurenentwicklung. <\/span><span style=\"color: #336699;\">\u00a0<\/span><\/p>\n<h2><span style=\"color: #336699;\">Ein sehenswerter Fernsehkrimi <\/span><\/h2>\n<p style=\"text-align: justify;\"><span style=\"color: #336699;\">Um diesen Artikel positiv zu beenden habe ich noch eine Empfehlung f\u00fcr Euch:\u00a0<\/span><\/p>\n<p style=\"text-align: justify;\"><span style=\"color: #336699;\">EFTERFORSKNINGEN \/ DIE ERMITTLUNGEN, D\u00e4nemark 2020\u00a0 (deutscher Sendetitel: Der Mord an Kim Wall).\u00a0 Den gibt es noch eine Weile in der <a href=\"https:\/\/www.arte.tv\/de\/videos\/RC-027614\/the-investigation-der-mord-an-kim-wall\/\" target=\"_blank\" rel=\"noopener\">arte mediathek<\/a>, sogar in der D\u00e4nischen Originalfassung mit deutschen oder franz\u00f6sischen Untertiteln. Und auch auf Deutsch. Genaugenommen ist es kein Fernsehfilm-Krimi, sondern eine sechsteilige Serie. Geschrieben, inszeniert und produziert von <span style=\"color: #ed008c;\">Tobias Lindholm<\/span>.\u00a0 Worum geht es? arte schreibt:<\/span><\/p>\n<p style=\"padding-left: 40px;\"><span style=\"color: #336699;\">Kopenhagen, 11. August 2017. Ein scheinbar normaler Tag f\u00fcr Jens M\u00f8ller (<span style=\"color: #ed008c;\">S\u00f8ren Malling<\/span>), Leiter der Kriminalpolizei der d\u00e4nischen Hauptstadt \u2013 bis eine seltsame Nachricht eintrifft: Ein selbstgebautes U-Boot ist in der Meerenge zwischen D\u00e4nemark und Schweden gesunken, mit zwei Personen an Bord: dem Konstrukteur, einem d\u00e4nischen Erfinder, der in letzter Minute gerettet werden konnte, und einer jungen schwedischen Journalistin, die als vermisst gilt.<\/span><\/p>\n<p style=\"text-align: left; padding-left: 40px;\"><span style=\"color: #336699;\">\u201eDer Fall Kim Wall\u201c wurde zwei Jahre nach dem schrecklichen Vorfall gedreht, der D\u00e4nemark traumatisiert hatte, und noch bevor der T\u00e4ter endg\u00fcltig verurteilt wurde. Die Serie konzentriert sich auf die komplexen Ermittlungen, die ausf\u00fchrlich, n\u00fcchtern und ohne R\u00fcckblenden nachgezeichnet werden. Tobias Lindholm entscheidet sich daf\u00fcr, keine Bilder des Opfers oder des M\u00f6rders zu zeigen; es z\u00e4hlt nur die akribische Arbeit von Inspektor Jens M\u00f8ller, der von der Schuld des Verd\u00e4chtigen \u00fcberzeugt ist und m\u00fchsam Beweise sammelt. Wie in der Realit\u00e4t kommen die Ermittlungen nur langsam voran.<\/span><\/p>\n<p><span style=\"color: #336699;\">Es gibt allerdings 3 Abstriche:<\/span><\/p>\n<ul>\n<li><span style=\"color: #336699;\">Warum auf deutsch &#8220;Der Mord an Kim Wall&#8221; anstelle von ERMITTLUNGEN? Wenn Ihr die Serie seht werdet Ihr verstehen, warum das ein unm\u00f6glicher Titel ist.<\/span><\/li>\n<li><span style=\"color: #336699;\">die neue Frau von Jens M\u00f8ller. Auf der Besetzungsliste steht Kristine (<strong><span style=\"color: #01adef;\">Charlotte Munck<\/span><\/strong>), aber sie wird nur skat \/ Schatz genannt. Sie hat einen Beruf, das wird auch mal erw\u00e4hnt, aber welcher das ist und was sie da eigentlich macht, keine Ahnung. Meistens wartet sie geduldig im Hintergrund und ist Stichwortgeberin (&#8220;wie war Dein Tag?&#8221; &#8220;habt Ihr etwas gefunden?&#8221; &#8220;was passiert jetzt?&#8221;\u00a0 usw.). Und wo ist die erste Frau von Jens \/ die Mutter seiner Tochter Cecilie? Geschieden, gestorben, verschollen? Es ist seltsam, dass sie nicht mal am Ende im Krankenhaus auftaucht, als Cecilie entbindet. Und nein, Jens war nicht all die Jahre alleinerziehender Vater, das wird recht deutlich.<\/span><\/li>\n<li><span style=\"color: #336699;\">Hat arte echt kein\u00a0 <strong>\u00f8<\/strong>\u00a0 im Setzkasten? <\/span><\/li>\n<li><span style=\"color: #336699;\">Und ja, 6-Gewerke-Check eine glatte <span style=\"color: #ed008c;\">rosa<\/span> Null.\u00a0<\/span><\/li>\n<\/ul>\n<p><span style=\"color: #336699;\">Aus der <a href=\"https:\/\/omtv2.tv2.dk\/presse\/pressekit\/efterforskningen-2020\/\" target=\"_blank\" rel=\"noopener\">Pressemitteilung des Senders TV2<\/a>:<\/span><\/p>\n<p style=\"padding-left: 40px;\"><span style=\"color: #336699;\">\u201eDie Ermittlungen\u201c bringen uns ganz nah an Jens M\u00f8llers methodische Aufkl\u00e4rungsarbeit heran. Ganz nah an schwedische Leichensp\u00fcrhunde, die darauf trainiert sind, Leichen aufzusp\u00fcren, die tief unter der Meeresoberfl\u00e4che liegen. Ganz nah an Str\u00f6mungsverh\u00e4ltnisse im \u00d6resund und in der K\u00f8ge-Bucht, ganz nah an Taucher des Minenr\u00e4umdienstes der Marine und ganz nah an die Herausforderungen, denen sich Sonderstaatsanwalt Jakob Buch-Jepsen in seinem Kampf um die Aufkl\u00e4rung des Falls vor Gericht stellen musste.<\/span><\/p>\n<p style=\"padding-left: 40px;\"><span style=\"color: #336699;\">In enger Zusammenarbeit mit [den Eltern von Kim:] Ingrid und Joachim Wall, dem Leiter der Mordkommission Jens M\u00f8ller und dem Sonderstaatsanwalt Jakob Buch-Jepsen hat Tobias Lindholm eine authentische, spannende und zutiefst bewegende Serie \u00fcber die anspruchsvolle und entscheidende Arbeit geschaffen, die Polizeibeamte, Taucher, schwedische Leichensp\u00fcrhunde, Meeresforscher und Freiwillige geleistet haben, um den Mord an der schwedischen Journalistin Kim Wall aufzukl\u00e4ren. Und wie umfangreich und kompliziert die Arbeit war, die die Staatsanwaltschaft anschlie\u00dfend leistete, um den T\u00e4ter zu verurteilen.<\/span><\/p>\n<p style=\"text-align: justify;\"><span style=\"color: #336699;\">Und man sieht wie der Fall alle beteiligten Ermittler:innen belastet und an ihre Grenzen bringt. &#8220;Ich hatte noch keinen Mordfall, der mich nicht bis nach Hause verfolgt hat&#8221; sagt <strong>Nikolaj Storm<\/strong> (<span style=\"color: #ed008c;\">Hans Henrik Clemensen<\/span>) zur Kollegin <strong>Maibritt Porse<\/strong> (<span style=\"color: #01adef;\"><strong>Laura Christensen<\/strong><\/span>). <\/span><span style=\"color: #336699;\">Also gibt es auch keine Ermittler:innen die mit \u00fcber 60 immer noch psychisch v\u00f6llig unbeeindruckt von ihren F\u00e4llen sind. Und keine <\/span><span style=\"color: #336699;\">Schlussszene in einer Frittenbude mit lustigem Smalltalk oder Shakespearezitaten.<\/span><\/p>\n<p style=\"text-align: justify;\"><span style=\"color: #336699;\">EFTERFORSKNINGEN. 6 Folgen \u00e0 45 Min. (also so lang wie 3 TATORTE), verf\u00fcgbar bis zum 15\/01\/2027 <a href=\"https:\/\/www.arte.tv\/de\/videos\/RC-027614\/the-investigation-der-mord-an-kim-wall\/\" target=\"_blank\" rel=\"noopener\">auf arte.tv<\/a><\/span><\/p>\n<p style=\"text-align: justify;\"><span style=\"color: #336699;\">(Ich wei\u00df nicht, warum es bei TATORTEN nicht m\u00f6glich ist, einen schl\u00fcssigen Krimiplot UND eine gute Ermittler:in-Geschichte hinzubekommen. Vielleicht einfach, weil sie es nicht n\u00f6tig haben. Denn das Publikum \/ die Einschaltquote wird mitgeliefert auf diesem Sendeplatz (auch wenn diese Quote f\u00fcr eine \u00f6ffentlich-rechtliche Produktion gar nicht so wichtig sein sollte).<\/span><\/p>\n<h2><span style=\"color: #336699;\">Bonus: Erstes Halbjahr 2026<\/span><\/h2>\n<p style=\"text-align: justify;\"><span style=\"color: #336699;\">Dieser Artikel hat doch etwas l\u00e4nger als gedacht, und gerade habe ich gesehen, dass die TATORT-Sommerpause (in der allerdings TATORT-Wiederholungen ausgestrahlt werden) schon im Mai beginnt. Deshalb kann ich noch den 6-Gewerke-Check und #2von6 f\u00fcr die 16 Filme der ersten H\u00e4lfte 2026 anbieten. <\/span><\/p>\n<p style=\"text-align: justify;\"><span style=\"color: #336699;\">Wieder einmal liegt der <strong>Regisseurinnenanteil<\/strong> bei <strong><span style=\"color: #01adef;\">50 %<\/span><\/strong> (das ist erfreulich, aber erfahrungsgem\u00e4\u00df wird das zum Jahresende anders aussehen). <\/span><\/p>\n<p><span style=\"color: #336699;\"><img loading=\"lazy\" decoding=\"async\" class=\"alignnone size-large wp-image-16414\" src=\"https:\/\/schspin.stieve.com\/wp-content\/uploads\/2026\/04\/SchspIN_Tatort-26-So_6-Gew-Check-600x335.png\" alt=\"\" width=\"600\" height=\"335\" srcset=\"https:\/\/schspin.stieve.com\/wp-content\/uploads\/2026\/04\/SchspIN_Tatort-26-So_6-Gew-Check-600x335.png 600w, https:\/\/schspin.stieve.com\/wp-content\/uploads\/2026\/04\/SchspIN_Tatort-26-So_6-Gew-Check-300x167.png 300w, https:\/\/schspin.stieve.com\/wp-content\/uploads\/2026\/04\/SchspIN_Tatort-26-So_6-Gew-Check-768x428.png 768w, https:\/\/schspin.stieve.com\/wp-content\/uploads\/2026\/04\/SchspIN_Tatort-26-So_6-Gew-Check.png 900w\" sizes=\"auto, (max-width: 600px) 100vw, 600px\" \/><\/span><\/p>\n<p style=\"text-align: justify;\"><span style=\"color: #336699;\">Wirklich best\u00fcrzend finde ich, dass mit <span style=\"color: #01adef;\"><strong>Eva Maschke<\/strong><\/span> <strong>nur eine Kamerafrau<\/strong> zum Einsatz kam, bei SASHIMI SPEZIAL, 3von6, mit der Regisseurin <span style=\"color: #01adef;\"><strong>Franziska Margarete Hoenisch <\/strong><\/span>und der Editorin <span style=\"color: #01adef;\"><strong>Saskia Metten<\/strong><\/span>. <\/span><span style=\"color: #336699;\">Und auch <strong>nur eine Filmtonmeisterin<\/strong>, <span style=\"color: #01adef;\"><strong>Theda Schifferdecker<\/strong> <\/span>(GEGEN DIE ZEIT,\u00a0 4von6).\u00a0 <\/span><\/p>\n<p style=\"text-align: justify;\"><span style=\"color: #336699;\">Eine <strong>Kamerafrau<\/strong>. Aber vier <strong>Kameram\u00e4nner<\/strong>, die mit Vornamen <span style=\"color: #ed008c;\">Michael<\/span> hei\u00dfen:<\/span><\/p>\n<ul>\n<li><span style=\"color: #336699;\"><span style=\"color: #ed008c;\">Michael Merkel<\/span> \u2013 EX-IT<\/span><\/li>\n<li><span style=\"color: #336699;\"><span style=\"color: #ed008c;\">Michael Schreitel<\/span> \u2013 UNVERG\u00c4NGLICH Teil 1 und 2<\/span><\/li>\n<li><span style=\"color: #336699;\"><span style=\"color: #ed008c;\">Michael Schindegger<\/span> \u2013 GEGEN DIE ZEIT <\/span><\/li>\n<\/ul>\n<p><span style=\"color: #336699;\">#2von6? Sieben der 16 TATORTE schaffen die Anforderung nicht. <\/span><\/p>\n<p><img loading=\"lazy\" decoding=\"async\" class=\"alignnone size-large wp-image-16415\" src=\"https:\/\/schspin.stieve.com\/wp-content\/uploads\/2026\/04\/SchspIN_Tatort-26-So_2von6-600x335.png\" alt=\"\" width=\"600\" height=\"335\" srcset=\"https:\/\/schspin.stieve.com\/wp-content\/uploads\/2026\/04\/SchspIN_Tatort-26-So_2von6-600x335.png 600w, https:\/\/schspin.stieve.com\/wp-content\/uploads\/2026\/04\/SchspIN_Tatort-26-So_2von6-300x168.png 300w, https:\/\/schspin.stieve.com\/wp-content\/uploads\/2026\/04\/SchspIN_Tatort-26-So_2von6-768x429.png 768w, https:\/\/schspin.stieve.com\/wp-content\/uploads\/2026\/04\/SchspIN_Tatort-26-So_2von6.png 900w\" sizes=\"auto, (max-width: 600px) 100vw, 600px\" \/><\/p>\n<p style=\"text-align: justify;\"><span style=\"color: #336699;\">Die beiden <span style=\"color: #ed008c;\">Nuller<\/span>-TATORTE waren der dritte Frankfurt-Fall FACKEL vom 22.3.26 und der K\u00f6ln-Fall DIE SCH\u00d6PFUNG vom 11. Januar. Und die beiden <span style=\"color: #01adef;\"><strong>4von6<\/strong><\/span>-TATORTE sind WENN MAN NUR EINEN RETTEN K\u00d6NNTE (Bremen 25.1.26) und GEGEN DIE ZEIT (Wien 26.4.26). <\/span><\/p>\n<p style=\"text-align: justify;\"><span style=\"color: #336699;\">Soviel f\u00fcr heute.\u00a0<\/span><\/p>\n<p><span style=\"color: #336699;\">Diesmal wird es keine weitere Halbzeitanalyse geben, \u00fcber 2026er TATORTE werde ich erst zum Jahresende wieder schreiben. <\/span><\/p>\n","protected":false},"excerpt":{"rendered":"<p>Jahresbilanz der TATORTE 2025 und eine Empfehlung Heute die Jahresendstatistiken f\u00fcr die 36 erstausgestrahlten TATORTE vom letzten Jahr, etwas versp\u00e4tet, pardon. Ich hatte zur TATORT-Sommerpause 2025 vermutet (TATORTE Sommer 2025 \u2013 Erstes Zwischenziel erreicht), dass sich die hohen Frauenanteile in &hellip; <a href=\"https:\/\/schspin.stieve.com\/gb\/2026\/04\/27\/tatorte-2025-jahresbilanz-filmfrauen\/\">Continue reading <span class=\"meta-nav\">&rarr;<\/span><\/a><\/p>\n","protected":false},"author":1,"featured_media":0,"comment_status":"closed","ping_status":"open","sticky":false,"template":"","format":"standard","meta":{"footnotes":""},"categories":[5,8],"tags":[800,933,36,61,946,734,799,517,603],"class_list":["post-16239","post","type-post","status-publish","format-standard","hentry","category-fernsehen-tv","category-stab-crew","tag-2von6","tag-waswennsielebt","tag-6-gewerke-check","tag-ard","tag-ermittlungen","tag-filmfrauen","tag-montage","tag-regie","tag-tatort"],"translation":{"provider":"WPGlobus","version":"3.0.2","language":"gb","enabled_languages":["de","gb"],"languages":{"de":{"title":true,"content":true,"excerpt":false},"gb":{"title":false,"content":false,"excerpt":false}}},"yoast_head":"<!-- This site is optimized with the Yoast SEO plugin v27.4 - https:\/\/yoast.com\/product\/yoast-seo-wordpress\/ -->\n<title>\u201eIch hatte noch keinen Mordfall, der mich nicht bis nach Hause verfolgt hat.\u201c &#8211; SchspIN<\/title>\n<meta name=\"robots\" content=\"index, follow, max-snippet:-1, max-image-preview:large, max-video-preview:-1\" \/>\n<link rel=\"canonical\" href=\"https:\/\/schspin.stieve.com\/2026\/04\/27\/tatorte-2025-jahresbilanz-filmfrauen\/\" \/>\n<meta property=\"og:locale\" content=\"en_GB\" \/>\n<meta property=\"og:type\" content=\"article\" \/>\n<meta property=\"og:title\" content=\"\u201eIch hatte noch keinen Mordfall, der mich nicht bis nach Hause verfolgt hat.\u201c &#8211; SchspIN\" \/>\n<meta property=\"og:url\" content=\"https:\/\/schspin.stieve.com\/2026\/04\/27\/tatorte-2025-jahresbilanz-filmfrauen\/\" \/>\n<meta property=\"og:site_name\" content=\"SchspIN\" \/>\n<meta property=\"article:published_time\" content=\"2026-04-27T19:14:06+00:00\" \/>\n<meta property=\"article:modified_time\" content=\"2026-04-27T22:28:15+00:00\" \/>\n<meta property=\"og:image\" content=\"https:\/\/schspin.stieve.com\/wp-content\/uploads\/2026\/04\/SchspIN_Tatort-25_Vergleich_So-En.png\" \/>\n\t<meta property=\"og:image:width\" content=\"900\" \/>\n\t<meta property=\"og:image:height\" content=\"506\" \/>\n\t<meta property=\"og:image:type\" content=\"image\/png\" \/>\n<meta name=\"author\" content=\"SchspIN\" \/>\n<meta name=\"twitter:card\" content=\"summary_large_image\" \/>\n<meta name=\"twitter:creator\" content=\"@schspin\" \/>\n<meta name=\"twitter:site\" content=\"@schspin\" \/>\n<meta name=\"twitter:label1\" content=\"Written by\" \/>\n\t<meta name=\"twitter:data1\" content=\"SchspIN\" \/>\n\t<meta name=\"twitter:label2\" content=\"Est. reading time\" \/>\n\t<meta name=\"twitter:data2\" content=\"23 minutes\" \/>\n<script type=\"application\/ld+json\" class=\"yoast-schema-graph\">{\"@context\":\"https:\\\/\\\/schema.org\",\"@graph\":[{\"@type\":\"Article\",\"@id\":\"https:\\\/\\\/schspin.stieve.com\\\/2026\\\/04\\\/27\\\/tatorte-2025-jahresbilanz-filmfrauen\\\/#article\",\"isPartOf\":{\"@id\":\"https:\\\/\\\/schspin.stieve.com\\\/2026\\\/04\\\/27\\\/tatorte-2025-jahresbilanz-filmfrauen\\\/\"},\"author\":{\"name\":\"SchspIN\",\"@id\":\"https:\\\/\\\/schspin.stieve.com\\\/#\\\/schema\\\/person\\\/5a6d1b68b2ffa40e8a4c1d87723659e2\"},\"headline\":\"\u201eIch hatte noch keinen Mordfall, der mich nicht bis nach Hause verfolgt hat.\u201c\",\"datePublished\":\"2026-04-27T19:14:06+00:00\",\"dateModified\":\"2026-04-27T22:28:15+00:00\",\"mainEntityOfPage\":{\"@id\":\"https:\\\/\\\/schspin.stieve.com\\\/2026\\\/04\\\/27\\\/tatorte-2025-jahresbilanz-filmfrauen\\\/\"},\"wordCount\":3810,\"publisher\":{\"@id\":\"https:\\\/\\\/schspin.stieve.com\\\/#\\\/schema\\\/person\\\/5a6d1b68b2ffa40e8a4c1d87723659e2\"},\"image\":{\"@id\":\"https:\\\/\\\/schspin.stieve.com\\\/2026\\\/04\\\/27\\\/tatorte-2025-jahresbilanz-filmfrauen\\\/#primaryimage\"},\"thumbnailUrl\":\"https:\\\/\\\/schspin.stieve.com\\\/wp-content\\\/uploads\\\/2026\\\/04\\\/SchspIN_Tatort-25_Vergleich_So-En-600x337.png\",\"keywords\":[\"#2von6\",\"#waswennsieLEBT.\",\"6-Gewerke-Check\",\"ARD\",\"Ermittlungen\",\"Filmfrauen\",\"Montage\",\"Regie\",\"Tatort\"],\"articleSection\":[\"Fernsehen \\\/ TV\",\"Stab \\\/ Crew\"],\"inLanguage\":\"en-GB\"},{\"@type\":\"WebPage\",\"@id\":\"https:\\\/\\\/schspin.stieve.com\\\/2026\\\/04\\\/27\\\/tatorte-2025-jahresbilanz-filmfrauen\\\/\",\"url\":\"https:\\\/\\\/schspin.stieve.com\\\/2026\\\/04\\\/27\\\/tatorte-2025-jahresbilanz-filmfrauen\\\/\",\"name\":\"\u201eIch hatte noch keinen Mordfall, der mich nicht bis nach Hause verfolgt hat.\u201c &#8211; SchspIN\",\"isPartOf\":{\"@id\":\"https:\\\/\\\/schspin.stieve.com\\\/#website\"},\"primaryImageOfPage\":{\"@id\":\"https:\\\/\\\/schspin.stieve.com\\\/2026\\\/04\\\/27\\\/tatorte-2025-jahresbilanz-filmfrauen\\\/#primaryimage\"},\"image\":{\"@id\":\"https:\\\/\\\/schspin.stieve.com\\\/2026\\\/04\\\/27\\\/tatorte-2025-jahresbilanz-filmfrauen\\\/#primaryimage\"},\"thumbnailUrl\":\"https:\\\/\\\/schspin.stieve.com\\\/wp-content\\\/uploads\\\/2026\\\/04\\\/SchspIN_Tatort-25_Vergleich_So-En-600x337.png\",\"datePublished\":\"2026-04-27T19:14:06+00:00\",\"dateModified\":\"2026-04-27T22:28:15+00:00\",\"description\":\"Eine Analyse der 2025er TATORTE unter besonderer Ber\u00fccksichtigung von Frauenfiguren, Filmfrauen und Polizeiarbeit.\",\"breadcrumb\":{\"@id\":\"https:\\\/\\\/schspin.stieve.com\\\/2026\\\/04\\\/27\\\/tatorte-2025-jahresbilanz-filmfrauen\\\/#breadcrumb\"},\"inLanguage\":\"en-GB\",\"potentialAction\":[{\"@type\":\"ReadAction\",\"target\":[\"https:\\\/\\\/schspin.stieve.com\\\/2026\\\/04\\\/27\\\/tatorte-2025-jahresbilanz-filmfrauen\\\/\"]}]},{\"@type\":\"ImageObject\",\"inLanguage\":\"en-GB\",\"@id\":\"https:\\\/\\\/schspin.stieve.com\\\/2026\\\/04\\\/27\\\/tatorte-2025-jahresbilanz-filmfrauen\\\/#primaryimage\",\"url\":\"https:\\\/\\\/schspin.stieve.com\\\/wp-content\\\/uploads\\\/2026\\\/04\\\/SchspIN_Tatort-25_Vergleich_So-En-600x337.png\",\"contentUrl\":\"https:\\\/\\\/schspin.stieve.com\\\/wp-content\\\/uploads\\\/2026\\\/04\\\/SchspIN_Tatort-25_Vergleich_So-En-600x337.png\"},{\"@type\":\"BreadcrumbList\",\"@id\":\"https:\\\/\\\/schspin.stieve.com\\\/2026\\\/04\\\/27\\\/tatorte-2025-jahresbilanz-filmfrauen\\\/#breadcrumb\",\"itemListElement\":[{\"@type\":\"ListItem\",\"position\":1,\"name\":\"Startseite\",\"item\":\"https:\\\/\\\/schspin.stieve.com\\\/\"},{\"@type\":\"ListItem\",\"position\":2,\"name\":\"\u201eIch hatte noch keinen Mordfall, der mich nicht bis nach Hause verfolgt hat.\u201c\"}]},{\"@type\":\"WebSite\",\"@id\":\"https:\\\/\\\/schspin.stieve.com\\\/#website\",\"url\":\"https:\\\/\\\/schspin.stieve.com\\\/\",\"name\":\"{:de}SchspIN {:}{:gb}SchspIN{:}\",\"description\":\"An Actress&#039;s Thoughts\",\"publisher\":{\"@id\":\"https:\\\/\\\/schspin.stieve.com\\\/#\\\/schema\\\/person\\\/5a6d1b68b2ffa40e8a4c1d87723659e2\"},\"potentialAction\":[{\"@type\":\"SearchAction\",\"target\":{\"@type\":\"EntryPoint\",\"urlTemplate\":\"https:\\\/\\\/schspin.stieve.com\\\/?s={search_term_string}\"},\"query-input\":{\"@type\":\"PropertyValueSpecification\",\"valueRequired\":true,\"valueName\":\"search_term_string\"}}],\"inLanguage\":\"en-GB\"},{\"@type\":[\"Person\",\"Organization\"],\"@id\":\"https:\\\/\\\/schspin.stieve.com\\\/#\\\/schema\\\/person\\\/5a6d1b68b2ffa40e8a4c1d87723659e2\",\"name\":\"SchspIN\",\"image\":{\"@type\":\"ImageObject\",\"inLanguage\":\"en-GB\",\"@id\":\"https:\\\/\\\/schspin.stieve.com\\\/wp-content\\\/uploads\\\/2024\\\/01\\\/Logo_Schspin.jpg\",\"url\":\"https:\\\/\\\/schspin.stieve.com\\\/wp-content\\\/uploads\\\/2024\\\/01\\\/Logo_Schspin.jpg\",\"contentUrl\":\"https:\\\/\\\/schspin.stieve.com\\\/wp-content\\\/uploads\\\/2024\\\/01\\\/Logo_Schspin.jpg\",\"width\":945,\"height\":945,\"caption\":\"SchspIN\"},\"logo\":{\"@id\":\"https:\\\/\\\/schspin.stieve.com\\\/wp-content\\\/uploads\\\/2024\\\/01\\\/Logo_Schspin.jpg\"},\"sameAs\":[\"https:\\\/\\\/neropa.stieve.com\\\/\",\"https:\\\/\\\/www.instagram.com\\\/schspin\\\/\",\"https:\\\/\\\/x.com\\\/schspin\"]}]}<\/script>\n<!-- \/ Yoast SEO plugin. -->","yoast_head_json":{"title":"\u201eIch hatte noch keinen Mordfall, der mich nicht bis nach Hause verfolgt hat.\u201c &#8211; SchspIN","robots":{"index":"index","follow":"follow","max-snippet":"max-snippet:-1","max-image-preview":"max-image-preview:large","max-video-preview":"max-video-preview:-1"},"canonical":"https:\/\/schspin.stieve.com\/2026\/04\/27\/tatorte-2025-jahresbilanz-filmfrauen\/","og_locale":"en_GB","og_type":"article","og_title":"\u201eIch hatte noch keinen Mordfall, der mich nicht bis nach Hause verfolgt hat.\u201c &#8211; SchspIN","og_url":"https:\/\/schspin.stieve.com\/2026\/04\/27\/tatorte-2025-jahresbilanz-filmfrauen\/","og_site_name":"SchspIN","article_published_time":"2026-04-27T19:14:06+00:00","article_modified_time":"2026-04-27T22:28:15+00:00","og_image":[{"width":900,"height":506,"url":"https:\/\/schspin.stieve.com\/wp-content\/uploads\/2026\/04\/SchspIN_Tatort-25_Vergleich_So-En.png","type":"image\/png"}],"author":"SchspIN","twitter_card":"summary_large_image","twitter_creator":"@schspin","twitter_site":"@schspin","twitter_misc":{"Written by":"SchspIN","Est. reading time":"23 minutes"},"schema":{"@context":"https:\/\/schema.org","@graph":[{"@type":"Article","@id":"https:\/\/schspin.stieve.com\/2026\/04\/27\/tatorte-2025-jahresbilanz-filmfrauen\/#article","isPartOf":{"@id":"https:\/\/schspin.stieve.com\/2026\/04\/27\/tatorte-2025-jahresbilanz-filmfrauen\/"},"author":{"name":"SchspIN","@id":"https:\/\/schspin.stieve.com\/#\/schema\/person\/5a6d1b68b2ffa40e8a4c1d87723659e2"},"headline":"\u201eIch hatte noch keinen Mordfall, der mich nicht bis nach Hause verfolgt hat.\u201c","datePublished":"2026-04-27T19:14:06+00:00","dateModified":"2026-04-27T22:28:15+00:00","mainEntityOfPage":{"@id":"https:\/\/schspin.stieve.com\/2026\/04\/27\/tatorte-2025-jahresbilanz-filmfrauen\/"},"wordCount":3810,"publisher":{"@id":"https:\/\/schspin.stieve.com\/#\/schema\/person\/5a6d1b68b2ffa40e8a4c1d87723659e2"},"image":{"@id":"https:\/\/schspin.stieve.com\/2026\/04\/27\/tatorte-2025-jahresbilanz-filmfrauen\/#primaryimage"},"thumbnailUrl":"https:\/\/schspin.stieve.com\/wp-content\/uploads\/2026\/04\/SchspIN_Tatort-25_Vergleich_So-En-600x337.png","keywords":["#2von6","#waswennsieLEBT.","6-Gewerke-Check","ARD","Ermittlungen","Filmfrauen","Montage","Regie","Tatort"],"articleSection":["Fernsehen \/ TV","Stab \/ Crew"],"inLanguage":"en-GB"},{"@type":"WebPage","@id":"https:\/\/schspin.stieve.com\/2026\/04\/27\/tatorte-2025-jahresbilanz-filmfrauen\/","url":"https:\/\/schspin.stieve.com\/2026\/04\/27\/tatorte-2025-jahresbilanz-filmfrauen\/","name":"\u201eIch hatte noch keinen Mordfall, der mich nicht bis nach Hause verfolgt hat.\u201c &#8211; SchspIN","isPartOf":{"@id":"https:\/\/schspin.stieve.com\/#website"},"primaryImageOfPage":{"@id":"https:\/\/schspin.stieve.com\/2026\/04\/27\/tatorte-2025-jahresbilanz-filmfrauen\/#primaryimage"},"image":{"@id":"https:\/\/schspin.stieve.com\/2026\/04\/27\/tatorte-2025-jahresbilanz-filmfrauen\/#primaryimage"},"thumbnailUrl":"https:\/\/schspin.stieve.com\/wp-content\/uploads\/2026\/04\/SchspIN_Tatort-25_Vergleich_So-En-600x337.png","datePublished":"2026-04-27T19:14:06+00:00","dateModified":"2026-04-27T22:28:15+00:00","description":"Eine Analyse der 2025er TATORTE unter besonderer Ber\u00fccksichtigung von Frauenfiguren, Filmfrauen und Polizeiarbeit.","breadcrumb":{"@id":"https:\/\/schspin.stieve.com\/2026\/04\/27\/tatorte-2025-jahresbilanz-filmfrauen\/#breadcrumb"},"inLanguage":"en-GB","potentialAction":[{"@type":"ReadAction","target":["https:\/\/schspin.stieve.com\/2026\/04\/27\/tatorte-2025-jahresbilanz-filmfrauen\/"]}]},{"@type":"ImageObject","inLanguage":"en-GB","@id":"https:\/\/schspin.stieve.com\/2026\/04\/27\/tatorte-2025-jahresbilanz-filmfrauen\/#primaryimage","url":"https:\/\/schspin.stieve.com\/wp-content\/uploads\/2026\/04\/SchspIN_Tatort-25_Vergleich_So-En-600x337.png","contentUrl":"https:\/\/schspin.stieve.com\/wp-content\/uploads\/2026\/04\/SchspIN_Tatort-25_Vergleich_So-En-600x337.png"},{"@type":"BreadcrumbList","@id":"https:\/\/schspin.stieve.com\/2026\/04\/27\/tatorte-2025-jahresbilanz-filmfrauen\/#breadcrumb","itemListElement":[{"@type":"ListItem","position":1,"name":"Startseite","item":"https:\/\/schspin.stieve.com\/"},{"@type":"ListItem","position":2,"name":"\u201eIch hatte noch keinen Mordfall, der mich nicht bis nach Hause verfolgt hat.\u201c"}]},{"@type":"WebSite","@id":"https:\/\/schspin.stieve.com\/#website","url":"https:\/\/schspin.stieve.com\/","name":"{:de}SchspIN {:}{:gb}SchspIN{:}","description":"An Actress&#039;s Thoughts","publisher":{"@id":"https:\/\/schspin.stieve.com\/#\/schema\/person\/5a6d1b68b2ffa40e8a4c1d87723659e2"},"potentialAction":[{"@type":"SearchAction","target":{"@type":"EntryPoint","urlTemplate":"https:\/\/schspin.stieve.com\/?s={search_term_string}"},"query-input":{"@type":"PropertyValueSpecification","valueRequired":true,"valueName":"search_term_string"}}],"inLanguage":"en-GB"},{"@type":["Person","Organization"],"@id":"https:\/\/schspin.stieve.com\/#\/schema\/person\/5a6d1b68b2ffa40e8a4c1d87723659e2","name":"SchspIN","image":{"@type":"ImageObject","inLanguage":"en-GB","@id":"https:\/\/schspin.stieve.com\/wp-content\/uploads\/2024\/01\/Logo_Schspin.jpg","url":"https:\/\/schspin.stieve.com\/wp-content\/uploads\/2024\/01\/Logo_Schspin.jpg","contentUrl":"https:\/\/schspin.stieve.com\/wp-content\/uploads\/2024\/01\/Logo_Schspin.jpg","width":945,"height":945,"caption":"SchspIN"},"logo":{"@id":"https:\/\/schspin.stieve.com\/wp-content\/uploads\/2024\/01\/Logo_Schspin.jpg"},"sameAs":["https:\/\/neropa.stieve.com\/","https:\/\/www.instagram.com\/schspin\/","https:\/\/x.com\/schspin"]}]}},"post_mailing_queue_ids":[],"_links":{"self":[{"href":"https:\/\/schspin.stieve.com\/gb\/wp-json\/wp\/v2\/posts\/16239","targetHints":{"allow":["GET"]}}],"collection":[{"href":"https:\/\/schspin.stieve.com\/gb\/wp-json\/wp\/v2\/posts"}],"about":[{"href":"https:\/\/schspin.stieve.com\/gb\/wp-json\/wp\/v2\/types\/post"}],"author":[{"embeddable":true,"href":"https:\/\/schspin.stieve.com\/gb\/wp-json\/wp\/v2\/users\/1"}],"replies":[{"embeddable":true,"href":"https:\/\/schspin.stieve.com\/gb\/wp-json\/wp\/v2\/comments?post=16239"}],"version-history":[{"count":84,"href":"https:\/\/schspin.stieve.com\/gb\/wp-json\/wp\/v2\/posts\/16239\/revisions"}],"predecessor-version":[{"id":16429,"href":"https:\/\/schspin.stieve.com\/gb\/wp-json\/wp\/v2\/posts\/16239\/revisions\/16429"}],"wp:attachment":[{"href":"https:\/\/schspin.stieve.com\/gb\/wp-json\/wp\/v2\/media?parent=16239"}],"wp:term":[{"taxonomy":"category","embeddable":true,"href":"https:\/\/schspin.stieve.com\/gb\/wp-json\/wp\/v2\/categories?post=16239"},{"taxonomy":"post_tag","embeddable":true,"href":"https:\/\/schspin.stieve.com\/gb\/wp-json\/wp\/v2\/tags?post=16239"}],"curies":[{"name":"wp","href":"https:\/\/api.w.org\/{rel}","templated":true}]}}